{"id":2805,"date":"2022-01-10T11:32:45","date_gmt":"2022-01-10T10:32:45","guid":{"rendered":"http:\/\/www.transpher.net\/site\/?p=2805"},"modified":"2023-04-17T09:54:18","modified_gmt":"2023-04-17T07:54:18","slug":"concert-dans-le-loiret-pensez-a-reserver-vos-places-pour-le-29-janvier","status":"publish","type":"post","link":"https:\/\/www.transpher.net\/site\/concert-dans-le-loiret-pensez-a-reserver-vos-places-pour-le-29-janvier\/","title":{"rendered":"Concert dans le Loiret, pensez \u00e0 r\u00e9server vos places, pour le 29 janvier."},"content":{"rendered":"\n<p>La r\u00e9servation par t\u00e9l\u00e9phone au <strong>02 38 95 82 15<\/strong> est obligatoire. Le concert a lieu \u00e0 Fontenay-sur-Loing \u00e0 la salle des f\u00eates,  2 Avenue de la R\u00e9publique . On a h\u00e2te de vous y retrouver \ud83d\ude42 tarif unique: 10 \u20ac<\/p>\n\n\n\n<figure class=\"wp-block-image size-large is-resized\"><img loading=\"lazy\" decoding=\"async\" src=\"https:\/\/www.transpher.net\/site\/wp-content\/uploads\/2022\/01\/Affiche-TRANSPHER-1-600x900.png\" alt=\"\" class=\"wp-image-2815\" width=\"357\" height=\"536\"\/><\/figure>\n","protected":false},"excerpt":{"rendered":"<p>La r\u00e9servation par t\u00e9l\u00e9phone au 02 38 95 82 15 est obligatoire. Le concert a lieu \u00e0 Fontenay-sur-Loing \u00e0 la salle des f\u00eates, 2 Avenue de la R\u00e9publique . On<\/p>\n<p class=\"more-link\"><a href=\"https:\/\/www.transpher.net\/site\/concert-dans-le-loiret-pensez-a-reserver-vos-places-pour-le-29-janvier\/\" class=\"readmore\">Continuer la lecture<span class=\"screen-reader-text\">Concert dans le Loiret, pensez \u00e0 r\u00e9server vos places, pour le 29 janvier.<\/span><\/a><\/p>\n","protected":false},"author":2,"featured_media":0,"comment_status":"closed","ping_status":"open","sticky":false,"template":"","format":"standard","meta":{"ngg_post_thumbnail":0,"footnotes":""},"categories":[6],"tags":[16,15,21,14],"class_list":["post-2805","post","type-post","status-publish","format-standard","hentry","category-news-rock-celtique","tag-concert-rock-celtique","tag-musique-celtique-festive-rock-celtique","tag-rock-celtique","tag-transpher-rock-celtique"],"yoast_head":"<!-- This site is optimized with the Yoast SEO plugin v27.5 - https:\/\/yoast.com\/product\/yoast-seo-wordpress\/ -->\n<title>Concert dans le Loiret, pensez \u00e0 r\u00e9server vos places, pour le 29 janvier. -<\/title>\n<meta name=\"robots\" content=\"index, follow, max-snippet:-1, max-image-preview:large, max-video-preview:-1\" \/>\n<link rel=\"canonical\" href=\"https:\/\/www.transpher.net\/site\/concert-dans-le-loiret-pensez-a-reserver-vos-places-pour-le-29-janvier\/\" \/>\n<meta property=\"og:locale\" content=\"fr_FR\" \/>\n<meta property=\"og:type\" content=\"article\" \/>\n<meta property=\"og:title\" content=\"Concert dans le Loiret, pensez \u00e0 r\u00e9server vos places, pour le 29 janvier. -\" \/>\n<meta property=\"og:description\" content=\"La r\u00e9servation par t\u00e9l\u00e9phone au 02 38 95 82 15 est obligatoire. Le concert a lieu \u00e0 Fontenay-sur-Loing \u00e0 la salle des f\u00eates, 2 Avenue de la R\u00e9publique . OnContinuer la lectureConcert dans le Loiret, pensez \u00e0 r\u00e9server vos places, pour le 29 janvier.\" \/>\n<meta property=\"og:url\" content=\"https:\/\/www.transpher.net\/site\/concert-dans-le-loiret-pensez-a-reserver-vos-places-pour-le-29-janvier\/\" \/>\n<meta property=\"article:publisher\" content=\"https:\/\/www.facebook.com\/TRANSPHERrockceltique\" \/>\n<meta property=\"article:published_time\" content=\"2022-01-10T10:32:45+00:00\" \/>\n<meta property=\"article:modified_time\" content=\"2023-04-17T07:54:18+00:00\" \/>\n<meta property=\"og:image\" content=\"https:\/\/www.transpher.net\/site\/wp-content\/uploads\/2022\/01\/Affiche-TRANSPHER-1-600x900.png\" \/>\n<meta name=\"author\" content=\"Jean-Marc Houdayer\" \/>\n<meta name=\"twitter:card\" content=\"summary_large_image\" \/>\n<meta name=\"twitter:label1\" content=\"\u00c9crit par\" \/>\n\t<meta name=\"twitter:data1\" content=\"Jean-Marc Houdayer\" \/>\n<script type=\"application\/ld+json\" class=\"yoast-schema-graph\">{\"@context\":\"https:\\\/\\\/schema.org\",\"@graph\":[{\"@type\":\"Article\",\"@id\":\"https:\\\/\\\/www.transpher.net\\\/site\\\/concert-dans-le-loiret-pensez-a-reserver-vos-places-pour-le-29-janvier\\\/#article\",\"isPartOf\":{\"@id\":\"https:\\\/\\\/www.transpher.net\\\/site\\\/concert-dans-le-loiret-pensez-a-reserver-vos-places-pour-le-29-janvier\\\/\"},\"author\":{\"name\":\"Jean-Marc Houdayer\",\"@id\":\"https:\\\/\\\/www.transpher.net\\\/site\\\/#\\\/schema\\\/person\\\/b68f3b23c001ef36184905b049abfed9\"},\"headline\":\"Concert dans le Loiret, pensez \u00e0 r\u00e9server vos places, pour le 29 janvier.\",\"datePublished\":\"2022-01-10T10:32:45+00:00\",\"dateModified\":\"2023-04-17T07:54:18+00:00\",\"mainEntityOfPage\":{\"@id\":\"https:\\\/\\\/www.transpher.net\\\/site\\\/concert-dans-le-loiret-pensez-a-reserver-vos-places-pour-le-29-janvier\\\/\"},\"wordCount\":47,\"publisher\":{\"@id\":\"https:\\\/\\\/www.transpher.net\\\/site\\\/#organization\"},\"image\":{\"@id\":\"https:\\\/\\\/www.transpher.net\\\/site\\\/concert-dans-le-loiret-pensez-a-reserver-vos-places-pour-le-29-janvier\\\/#primaryimage\"},\"thumbnailUrl\":\"https:\\\/\\\/www.transpher.net\\\/site\\\/wp-content\\\/uploads\\\/2022\\\/01\\\/Affiche-TRANSPHER-1-600x900.png\",\"keywords\":[\"concert\",\"musique celtique festive\",\"Rock celtique\",\"Transpher\"],\"articleSection\":[\"news\"],\"inLanguage\":\"fr-FR\"},{\"@type\":\"WebPage\",\"@id\":\"https:\\\/\\\/www.transpher.net\\\/site\\\/concert-dans-le-loiret-pensez-a-reserver-vos-places-pour-le-29-janvier\\\/\",\"url\":\"https:\\\/\\\/www.transpher.net\\\/site\\\/concert-dans-le-loiret-pensez-a-reserver-vos-places-pour-le-29-janvier\\\/\",\"name\":\"Concert dans le Loiret, pensez \u00e0 r\u00e9server vos places, pour le 29 janvier. -\",\"isPartOf\":{\"@id\":\"https:\\\/\\\/www.transpher.net\\\/site\\\/#website\"},\"primaryImageOfPage\":{\"@id\":\"https:\\\/\\\/www.transpher.net\\\/site\\\/concert-dans-le-loiret-pensez-a-reserver-vos-places-pour-le-29-janvier\\\/#primaryimage\"},\"image\":{\"@id\":\"https:\\\/\\\/www.transpher.net\\\/site\\\/concert-dans-le-loiret-pensez-a-reserver-vos-places-pour-le-29-janvier\\\/#primaryimage\"},\"thumbnailUrl\":\"https:\\\/\\\/www.transpher.net\\\/site\\\/wp-content\\\/uploads\\\/2022\\\/01\\\/Affiche-TRANSPHER-1-600x900.png\",\"datePublished\":\"2022-01-10T10:32:45+00:00\",\"dateModified\":\"2023-04-17T07:54:18+00:00\",\"breadcrumb\":{\"@id\":\"https:\\\/\\\/www.transpher.net\\\/site\\\/concert-dans-le-loiret-pensez-a-reserver-vos-places-pour-le-29-janvier\\\/#breadcrumb\"},\"inLanguage\":\"fr-FR\",\"potentialAction\":[{\"@type\":\"ReadAction\",\"target\":[\"https:\\\/\\\/www.transpher.net\\\/site\\\/concert-dans-le-loiret-pensez-a-reserver-vos-places-pour-le-29-janvier\\\/\"]}]},{\"@type\":\"ImageObject\",\"inLanguage\":\"fr-FR\",\"@id\":\"https:\\\/\\\/www.transpher.net\\\/site\\\/concert-dans-le-loiret-pensez-a-reserver-vos-places-pour-le-29-janvier\\\/#primaryimage\",\"url\":\"\",\"contentUrl\":\"\"},{\"@type\":\"BreadcrumbList\",\"@id\":\"https:\\\/\\\/www.transpher.net\\\/site\\\/concert-dans-le-loiret-pensez-a-reserver-vos-places-pour-le-29-janvier\\\/#breadcrumb\",\"itemListElement\":[{\"@type\":\"ListItem\",\"position\":1,\"name\":\"Accueil\",\"item\":\"https:\\\/\\\/www.transpher.net\\\/site\\\/\"},{\"@type\":\"ListItem\",\"position\":2,\"name\":\"Concert dans le Loiret, pensez \u00e0 r\u00e9server vos places, pour le 29 janvier.\"}]},{\"@type\":\"WebSite\",\"@id\":\"https:\\\/\\\/www.transpher.net\\\/site\\\/#website\",\"url\":\"https:\\\/\\\/www.transpher.net\\\/site\\\/\",\"name\":\"\",\"description\":\"\",\"publisher\":{\"@id\":\"https:\\\/\\\/www.transpher.net\\\/site\\\/#organization\"},\"potentialAction\":[{\"@type\":\"SearchAction\",\"target\":{\"@type\":\"EntryPoint\",\"urlTemplate\":\"https:\\\/\\\/www.transpher.net\\\/site\\\/?s={search_term_string}\"},\"query-input\":{\"@type\":\"PropertyValueSpecification\",\"valueRequired\":true,\"valueName\":\"search_term_string\"}}],\"inLanguage\":\"fr-FR\"},{\"@type\":\"Organization\",\"@id\":\"https:\\\/\\\/www.transpher.net\\\/site\\\/#organization\",\"name\":\"TRANSPHER Rock Celtique\",\"url\":\"https:\\\/\\\/www.transpher.net\\\/site\\\/\",\"logo\":{\"@type\":\"ImageObject\",\"inLanguage\":\"fr-FR\",\"@id\":\"https:\\\/\\\/www.transpher.net\\\/site\\\/#\\\/schema\\\/logo\\\/image\\\/\",\"url\":\"https:\\\/\\\/www.transpher.net\\\/site\\\/wp-content\\\/uploads\\\/2021\\\/04\\\/hd2-scaled.jpg\",\"contentUrl\":\"https:\\\/\\\/www.transpher.net\\\/site\\\/wp-content\\\/uploads\\\/2021\\\/04\\\/hd2-scaled.jpg\",\"width\":2560,\"height\":1529,\"caption\":\"TRANSPHER Rock Celtique\"},\"image\":{\"@id\":\"https:\\\/\\\/www.transpher.net\\\/site\\\/#\\\/schema\\\/logo\\\/image\\\/\"},\"sameAs\":[\"https:\\\/\\\/www.facebook.com\\\/TRANSPHERrockceltique\",\"https:\\\/\\\/www.instagram.com\\\/transphermusic\\\/\"]},{\"@type\":\"Person\",\"@id\":\"https:\\\/\\\/www.transpher.net\\\/site\\\/#\\\/schema\\\/person\\\/b68f3b23c001ef36184905b049abfed9\",\"name\":\"Jean-Marc Houdayer\",\"image\":{\"@type\":\"ImageObject\",\"inLanguage\":\"fr-FR\",\"@id\":\"https:\\\/\\\/secure.gravatar.com\\\/avatar\\\/2284ee9b930a21f357ba4aef42d47d3a37d90a416ae010a3bff3d5e7f9fac006?s=96&d=mm&r=g\",\"url\":\"https:\\\/\\\/secure.gravatar.com\\\/avatar\\\/2284ee9b930a21f357ba4aef42d47d3a37d90a416ae010a3bff3d5e7f9fac006?s=96&d=mm&r=g\",\"contentUrl\":\"https:\\\/\\\/secure.gravatar.com\\\/avatar\\\/2284ee9b930a21f357ba4aef42d47d3a37d90a416ae010a3bff3d5e7f9fac006?s=96&d=mm&r=g\",\"caption\":\"Jean-Marc Houdayer\"},\"url\":\"https:\\\/\\\/www.transpher.net\\\/site\\\/author\\\/jm\\\/\"}]}<\/script>\n<!-- \/ Yoast SEO plugin. -->","yoast_head_json":{"title":"Concert dans le Loiret, pensez \u00e0 r\u00e9server vos places, pour le 29 janvier. -","robots":{"index":"index","follow":"follow","max-snippet":"max-snippet:-1","max-image-preview":"max-image-preview:large","max-video-preview":"max-video-preview:-1"},"canonical":"https:\/\/www.transpher.net\/site\/concert-dans-le-loiret-pensez-a-reserver-vos-places-pour-le-29-janvier\/","og_locale":"fr_FR","og_type":"article","og_title":"Concert dans le Loiret, pensez \u00e0 r\u00e9server vos places, pour le 29 janvier. -","og_description":"La r\u00e9servation par t\u00e9l\u00e9phone au 02 38 95 82 15 est obligatoire. Le concert a lieu \u00e0 Fontenay-sur-Loing \u00e0 la salle des f\u00eates, 2 Avenue de la R\u00e9publique . OnContinuer la lectureConcert dans le Loiret, pensez \u00e0 r\u00e9server vos places, pour le 29 janvier.","og_url":"https:\/\/www.transpher.net\/site\/concert-dans-le-loiret-pensez-a-reserver-vos-places-pour-le-29-janvier\/","article_publisher":"https:\/\/www.facebook.com\/TRANSPHERrockceltique","article_published_time":"2022-01-10T10:32:45+00:00","article_modified_time":"2023-04-17T07:54:18+00:00","og_image":[{"url":"https:\/\/www.transpher.net\/site\/wp-content\/uploads\/2022\/01\/Affiche-TRANSPHER-1-600x900.png","type":"","width":"","height":""}],"author":"Jean-Marc Houdayer","twitter_card":"summary_large_image","twitter_misc":{"\u00c9crit par":"Jean-Marc Houdayer"},"schema":{"@context":"https:\/\/schema.org","@graph":[{"@type":"Article","@id":"https:\/\/www.transpher.net\/site\/concert-dans-le-loiret-pensez-a-reserver-vos-places-pour-le-29-janvier\/#article","isPartOf":{"@id":"https:\/\/www.transpher.net\/site\/concert-dans-le-loiret-pensez-a-reserver-vos-places-pour-le-29-janvier\/"},"author":{"name":"Jean-Marc Houdayer","@id":"https:\/\/www.transpher.net\/site\/#\/schema\/person\/b68f3b23c001ef36184905b049abfed9"},"headline":"Concert dans le Loiret, pensez \u00e0 r\u00e9server vos places, pour le 29 janvier.","datePublished":"2022-01-10T10:32:45+00:00","dateModified":"2023-04-17T07:54:18+00:00","mainEntityOfPage":{"@id":"https:\/\/www.transpher.net\/site\/concert-dans-le-loiret-pensez-a-reserver-vos-places-pour-le-29-janvier\/"},"wordCount":47,"publisher":{"@id":"https:\/\/www.transpher.net\/site\/#organization"},"image":{"@id":"https:\/\/www.transpher.net\/site\/concert-dans-le-loiret-pensez-a-reserver-vos-places-pour-le-29-janvier\/#primaryimage"},"thumbnailUrl":"https:\/\/www.transpher.net\/site\/wp-content\/uploads\/2022\/01\/Affiche-TRANSPHER-1-600x900.png","keywords":["concert","musique celtique festive","Rock celtique","Transpher"],"articleSection":["news"],"inLanguage":"fr-FR"},{"@type":"WebPage","@id":"https:\/\/www.transpher.net\/site\/concert-dans-le-loiret-pensez-a-reserver-vos-places-pour-le-29-janvier\/","url":"https:\/\/www.transpher.net\/site\/concert-dans-le-loiret-pensez-a-reserver-vos-places-pour-le-29-janvier\/","name":"Concert dans le Loiret, pensez \u00e0 r\u00e9server vos places, pour le 29 janvier. -","isPartOf":{"@id":"https:\/\/www.transpher.net\/site\/#website"},"primaryImageOfPage":{"@id":"https:\/\/www.transpher.net\/site\/concert-dans-le-loiret-pensez-a-reserver-vos-places-pour-le-29-janvier\/#primaryimage"},"image":{"@id":"https:\/\/www.transpher.net\/site\/concert-dans-le-loiret-pensez-a-reserver-vos-places-pour-le-29-janvier\/#primaryimage"},"thumbnailUrl":"https:\/\/www.transpher.net\/site\/wp-content\/uploads\/2022\/01\/Affiche-TRANSPHER-1-600x900.png","datePublished":"2022-01-10T10:32:45+00:00","dateModified":"2023-04-17T07:54:18+00:00","breadcrumb":{"@id":"https:\/\/www.transpher.net\/site\/concert-dans-le-loiret-pensez-a-reserver-vos-places-pour-le-29-janvier\/#breadcrumb"},"inLanguage":"fr-FR","potentialAction":[{"@type":"ReadAction","target":["https:\/\/www.transpher.net\/site\/concert-dans-le-loiret-pensez-a-reserver-vos-places-pour-le-29-janvier\/"]}]},{"@type":"ImageObject","inLanguage":"fr-FR","@id":"https:\/\/www.transpher.net\/site\/concert-dans-le-loiret-pensez-a-reserver-vos-places-pour-le-29-janvier\/#primaryimage","url":"","contentUrl":""},{"@type":"BreadcrumbList","@id":"https:\/\/www.transpher.net\/site\/concert-dans-le-loiret-pensez-a-reserver-vos-places-pour-le-29-janvier\/#breadcrumb","itemListElement":[{"@type":"ListItem","position":1,"name":"Accueil","item":"https:\/\/www.transpher.net\/site\/"},{"@type":"ListItem","position":2,"name":"Concert dans le Loiret, pensez \u00e0 r\u00e9server vos places, pour le 29 janvier."}]},{"@type":"WebSite","@id":"https:\/\/www.transpher.net\/site\/#website","url":"https:\/\/www.transpher.net\/site\/","name":"","description":"","publisher":{"@id":"https:\/\/www.transpher.net\/site\/#organization"},"potentialAction":[{"@type":"SearchAction","target":{"@type":"EntryPoint","urlTemplate":"https:\/\/www.transpher.net\/site\/?s={search_term_string}"},"query-input":{"@type":"PropertyValueSpecification","valueRequired":true,"valueName":"search_term_string"}}],"inLanguage":"fr-FR"},{"@type":"Organization","@id":"https:\/\/www.transpher.net\/site\/#organization","name":"TRANSPHER Rock Celtique","url":"https:\/\/www.transpher.net\/site\/","logo":{"@type":"ImageObject","inLanguage":"fr-FR","@id":"https:\/\/www.transpher.net\/site\/#\/schema\/logo\/image\/","url":"https:\/\/www.transpher.net\/site\/wp-content\/uploads\/2021\/04\/hd2-scaled.jpg","contentUrl":"https:\/\/www.transpher.net\/site\/wp-content\/uploads\/2021\/04\/hd2-scaled.jpg","width":2560,"height":1529,"caption":"TRANSPHER Rock Celtique"},"image":{"@id":"https:\/\/www.transpher.net\/site\/#\/schema\/logo\/image\/"},"sameAs":["https:\/\/www.facebook.com\/TRANSPHERrockceltique","https:\/\/www.instagram.com\/transphermusic\/"]},{"@type":"Person","@id":"https:\/\/www.transpher.net\/site\/#\/schema\/person\/b68f3b23c001ef36184905b049abfed9","name":"Jean-Marc Houdayer","image":{"@type":"ImageObject","inLanguage":"fr-FR","@id":"https:\/\/secure.gravatar.com\/avatar\/2284ee9b930a21f357ba4aef42d47d3a37d90a416ae010a3bff3d5e7f9fac006?s=96&d=mm&r=g","url":"https:\/\/secure.gravatar.com\/avatar\/2284ee9b930a21f357ba4aef42d47d3a37d90a416ae010a3bff3d5e7f9fac006?s=96&d=mm&r=g","contentUrl":"https:\/\/secure.gravatar.com\/avatar\/2284ee9b930a21f357ba4aef42d47d3a37d90a416ae010a3bff3d5e7f9fac006?s=96&d=mm&r=g","caption":"Jean-Marc Houdayer"},"url":"https:\/\/www.transpher.net\/site\/author\/jm\/"}]}},"_links":{"self":[{"href":"https:\/\/www.transpher.net\/site\/wp-json\/wp\/v2\/posts\/2805","targetHints":{"allow":["GET"]}}],"collection":[{"href":"https:\/\/www.transpher.net\/site\/wp-json\/wp\/v2\/posts"}],"about":[{"href":"https:\/\/www.transpher.net\/site\/wp-json\/wp\/v2\/types\/post"}],"author":[{"embeddable":true,"href":"https:\/\/www.transpher.net\/site\/wp-json\/wp\/v2\/users\/2"}],"replies":[{"embeddable":true,"href":"https:\/\/www.transpher.net\/site\/wp-json\/wp\/v2\/comments?post=2805"}],"version-history":[{"count":0,"href":"https:\/\/www.transpher.net\/site\/wp-json\/wp\/v2\/posts\/2805\/revisions"}],"wp:attachment":[{"href":"https:\/\/www.transpher.net\/site\/wp-json\/wp\/v2\/media?parent=2805"}],"wp:term":[{"taxonomy":"category","embeddable":true,"href":"https:\/\/www.transpher.net\/site\/wp-json\/wp\/v2\/categories?post=2805"},{"taxonomy":"post_tag","embeddable":true,"href":"https:\/\/www.transpher.net\/site\/wp-json\/wp\/v2\/tags?post=2805"}],"curies":[{"name":"wp","href":"https:\/\/api.w.org\/{rel}","templated":true}]}}