{"id":3055,"date":"2022-06-01T18:53:27","date_gmt":"2022-06-01T16:53:27","guid":{"rendered":"http:\/\/www.transpher.net\/site\/?p=3055"},"modified":"2023-04-17T09:54:16","modified_gmt":"2023-04-17T07:54:16","slug":"juin-le-mois-des-festivals-en-seine-et-marne","status":"publish","type":"post","link":"https:\/\/www.transpher.net\/site\/juin-le-mois-des-festivals-en-seine-et-marne\/","title":{"rendered":"Juin, le mois des festivals en Seine-et-Marne !"},"content":{"rendered":"\n<p>Nous aurons le plaisir de partager l&rsquo;affiche avec de nombreux autres groupes \u00e0 Boulancourt le 18 juin, \u00e0 Provins le 24 juin et \u00e0 Larchant le 25 juin. <\/p>\n\n\n\n<figure class=\"wp-block-image size-large is-resized\"><img loading=\"lazy\" decoding=\"async\" src=\"https:\/\/www.transpher.net\/site\/wp-content\/uploads\/2022\/06\/281357640_138183305469669_7078743083158269905_n-600x848.jpg\" alt=\"\" class=\"wp-image-3056\" width=\"395\" height=\"559\" srcset=\"https:\/\/www.transpher.net\/site\/wp-content\/uploads\/2022\/06\/281357640_138183305469669_7078743083158269905_n-600x848.jpg 600w, https:\/\/www.transpher.net\/site\/wp-content\/uploads\/2022\/06\/281357640_138183305469669_7078743083158269905_n-300x424.jpg 300w, https:\/\/www.transpher.net\/site\/wp-content\/uploads\/2022\/06\/281357640_138183305469669_7078743083158269905_n-768x1085.jpg 768w, https:\/\/www.transpher.net\/site\/wp-content\/uploads\/2022\/06\/281357640_138183305469669_7078743083158269905_n-1087x1536.jpg 1087w, https:\/\/www.transpher.net\/site\/wp-content\/uploads\/2022\/06\/281357640_138183305469669_7078743083158269905_n-125x177.jpg 125w, https:\/\/www.transpher.net\/site\/wp-content\/uploads\/2022\/06\/281357640_138183305469669_7078743083158269905_n.jpg 1449w\" sizes=\"auto, (max-width: 395px) 100vw, 395px\" \/><figcaption> FESTIVAL DES TOURS \u00e0 <strong>BOULANCOURT<\/strong> (sud 77) le 18 juin !  <br>infos : <a href=\"https:\/\/www.facebook.com\/Festivaldestours\">https:\/\/www.facebook.com\/Festivaldestours<\/a><br>R\u00e9servations: <a rel=\"noreferrer noopener\" aria-label=\" (s\u2019ouvre dans un nouvel onglet)\" href=\"https:\/\/www.helloasso.com\/associations\/amicale-sportive-augerville-events\/evenements\/festival-des-tours-2022\" target=\"_blank\">https:\/\/www.helloasso.com\/associations\/amicale-sportive-augerville-events\/evenements\/festival-des-tours-2022<\/a><\/figcaption><\/figure>\n\n\n\n<figure class=\"wp-block-image size-large is-resized\"><img loading=\"lazy\" decoding=\"async\" src=\"https:\/\/www.transpher.net\/site\/wp-content\/uploads\/2022\/06\/279443022_772016630407397_1866998870212832234_n-600x842.jpg\" alt=\"\" class=\"wp-image-3057\" width=\"392\" height=\"548\"\/><figcaption> FESTIVAL de ROCK CELTIQUE \u00e0<strong> PROVINS<\/strong> le 24 juin<br>infos: <a href=\"https:\/\/www.facebook.com\/events\/414726710044700\/\">https:\/\/www.facebook.com\/events\/414726710044700\/<\/a><br>R\u00e9servations <a rel=\"noreferrer noopener\" aria-label=\" (s\u2019ouvre dans un nouvel onglet)\" href=\"https:\/\/www.billetweb.fr\/festival-rock-celtique\" target=\"_blank\">https:\/\/www.billetweb.fr\/festival-rock-celtique<\/a><\/figcaption><\/figure>\n\n\n\n<figure class=\"wp-block-image size-large is-resized\"><img loading=\"lazy\" decoding=\"async\" src=\"https:\/\/www.transpher.net\/site\/wp-content\/uploads\/2022\/06\/affiche-2022_Plan-de-travail-A4-600x849.jpg\" alt=\"\" class=\"wp-image-3058\" width=\"385\" height=\"544\" srcset=\"https:\/\/www.transpher.net\/site\/wp-content\/uploads\/2022\/06\/affiche-2022_Plan-de-travail-A4-600x849.jpg 600w, https:\/\/www.transpher.net\/site\/wp-content\/uploads\/2022\/06\/affiche-2022_Plan-de-travail-A4-300x424.jpg 300w, https:\/\/www.transpher.net\/site\/wp-content\/uploads\/2022\/06\/affiche-2022_Plan-de-travail-A4-768x1086.jpg 768w, https:\/\/www.transpher.net\/site\/wp-content\/uploads\/2022\/06\/affiche-2022_Plan-de-travail-A4-1086x1536.jpg 1086w, https:\/\/www.transpher.net\/site\/wp-content\/uploads\/2022\/06\/affiche-2022_Plan-de-travail-A4-1448x2048.jpg 1448w, https:\/\/www.transpher.net\/site\/wp-content\/uploads\/2022\/06\/affiche-2022_Plan-de-travail-A4-125x177.jpg 125w, https:\/\/www.transpher.net\/site\/wp-content\/uploads\/2022\/06\/affiche-2022_Plan-de-travail-A4-scaled.jpg 1810w\" sizes=\"auto, (max-width: 385px) 100vw, 385px\" \/><figcaption>Le FESTI BALEINE \u00e0<strong> LARCHANT<\/strong> le 25 juin<br>entr\u00e9e gratuite !!<br><a href=\"http:\/\/www.larchantanimation.fr\/evenements\/concert\">http:\/\/www.larchantanimation.fr\/evenements\/concert<\/a><\/figcaption><\/figure>\n\n\n\n<p><\/p>\n","protected":false},"excerpt":{"rendered":"<p>Nous aurons le plaisir de partager l&rsquo;affiche avec de nombreux autres groupes \u00e0 Boulancourt le 18 juin, \u00e0 Provins le 24 juin et \u00e0 Larchant le 25 juin.<\/p>\n","protected":false},"author":2,"featured_media":0,"comment_status":"closed","ping_status":"open","sticky":false,"template":"","format":"standard","meta":{"ngg_post_thumbnail":0,"footnotes":""},"categories":[6],"tags":[16,15,21,14],"class_list":["post-3055","post","type-post","status-publish","format-standard","hentry","category-news-rock-celtique","tag-concert-rock-celtique","tag-musique-celtique-festive-rock-celtique","tag-rock-celtique","tag-transpher-rock-celtique"],"yoast_head":"<!-- This site is optimized with the Yoast SEO plugin v27.5 - https:\/\/yoast.com\/product\/yoast-seo-wordpress\/ -->\n<title>Juin, le mois des festivals en Seine-et-Marne ! -<\/title>\n<meta name=\"robots\" content=\"index, follow, max-snippet:-1, max-image-preview:large, max-video-preview:-1\" \/>\n<link rel=\"canonical\" href=\"https:\/\/www.transpher.net\/site\/juin-le-mois-des-festivals-en-seine-et-marne\/\" \/>\n<meta property=\"og:locale\" content=\"fr_FR\" \/>\n<meta property=\"og:type\" content=\"article\" \/>\n<meta property=\"og:title\" content=\"Juin, le mois des festivals en Seine-et-Marne ! -\" \/>\n<meta property=\"og:description\" content=\"Nous aurons le plaisir de partager l&rsquo;affiche avec de nombreux autres groupes \u00e0 Boulancourt le 18 juin, \u00e0 Provins le 24 juin et \u00e0 Larchant le 25 juin.\" \/>\n<meta property=\"og:url\" content=\"https:\/\/www.transpher.net\/site\/juin-le-mois-des-festivals-en-seine-et-marne\/\" \/>\n<meta property=\"article:publisher\" content=\"https:\/\/www.facebook.com\/TRANSPHERrockceltique\" \/>\n<meta property=\"article:published_time\" content=\"2022-06-01T16:53:27+00:00\" \/>\n<meta property=\"article:modified_time\" content=\"2023-04-17T07:54:16+00:00\" \/>\n<meta property=\"og:image\" content=\"https:\/\/www.transpher.net\/site\/wp-content\/uploads\/2022\/06\/281357640_138183305469669_7078743083158269905_n-600x848.jpg\" \/>\n<meta name=\"author\" content=\"Jean-Marc Houdayer\" \/>\n<meta name=\"twitter:card\" content=\"summary_large_image\" \/>\n<meta name=\"twitter:label1\" content=\"\u00c9crit par\" \/>\n\t<meta name=\"twitter:data1\" content=\"Jean-Marc Houdayer\" \/>\n<script type=\"application\/ld+json\" class=\"yoast-schema-graph\">{\"@context\":\"https:\\\/\\\/schema.org\",\"@graph\":[{\"@type\":\"Article\",\"@id\":\"https:\\\/\\\/www.transpher.net\\\/site\\\/juin-le-mois-des-festivals-en-seine-et-marne\\\/#article\",\"isPartOf\":{\"@id\":\"https:\\\/\\\/www.transpher.net\\\/site\\\/juin-le-mois-des-festivals-en-seine-et-marne\\\/\"},\"author\":{\"name\":\"Jean-Marc Houdayer\",\"@id\":\"https:\\\/\\\/www.transpher.net\\\/site\\\/#\\\/schema\\\/person\\\/b68f3b23c001ef36184905b049abfed9\"},\"headline\":\"Juin, le mois des festivals en Seine-et-Marne !\",\"datePublished\":\"2022-06-01T16:53:27+00:00\",\"dateModified\":\"2023-04-17T07:54:16+00:00\",\"mainEntityOfPage\":{\"@id\":\"https:\\\/\\\/www.transpher.net\\\/site\\\/juin-le-mois-des-festivals-en-seine-et-marne\\\/\"},\"wordCount\":85,\"publisher\":{\"@id\":\"https:\\\/\\\/www.transpher.net\\\/site\\\/#organization\"},\"image\":{\"@id\":\"https:\\\/\\\/www.transpher.net\\\/site\\\/juin-le-mois-des-festivals-en-seine-et-marne\\\/#primaryimage\"},\"thumbnailUrl\":\"https:\\\/\\\/www.transpher.net\\\/site\\\/wp-content\\\/uploads\\\/2022\\\/06\\\/281357640_138183305469669_7078743083158269905_n-600x848.jpg\",\"keywords\":[\"concert\",\"musique celtique festive\",\"Rock celtique\",\"Transpher\"],\"articleSection\":[\"news\"],\"inLanguage\":\"fr-FR\"},{\"@type\":\"WebPage\",\"@id\":\"https:\\\/\\\/www.transpher.net\\\/site\\\/juin-le-mois-des-festivals-en-seine-et-marne\\\/\",\"url\":\"https:\\\/\\\/www.transpher.net\\\/site\\\/juin-le-mois-des-festivals-en-seine-et-marne\\\/\",\"name\":\"Juin, le mois des festivals en Seine-et-Marne ! -\",\"isPartOf\":{\"@id\":\"https:\\\/\\\/www.transpher.net\\\/site\\\/#website\"},\"primaryImageOfPage\":{\"@id\":\"https:\\\/\\\/www.transpher.net\\\/site\\\/juin-le-mois-des-festivals-en-seine-et-marne\\\/#primaryimage\"},\"image\":{\"@id\":\"https:\\\/\\\/www.transpher.net\\\/site\\\/juin-le-mois-des-festivals-en-seine-et-marne\\\/#primaryimage\"},\"thumbnailUrl\":\"https:\\\/\\\/www.transpher.net\\\/site\\\/wp-content\\\/uploads\\\/2022\\\/06\\\/281357640_138183305469669_7078743083158269905_n-600x848.jpg\",\"datePublished\":\"2022-06-01T16:53:27+00:00\",\"dateModified\":\"2023-04-17T07:54:16+00:00\",\"breadcrumb\":{\"@id\":\"https:\\\/\\\/www.transpher.net\\\/site\\\/juin-le-mois-des-festivals-en-seine-et-marne\\\/#breadcrumb\"},\"inLanguage\":\"fr-FR\",\"potentialAction\":[{\"@type\":\"ReadAction\",\"target\":[\"https:\\\/\\\/www.transpher.net\\\/site\\\/juin-le-mois-des-festivals-en-seine-et-marne\\\/\"]}]},{\"@type\":\"ImageObject\",\"inLanguage\":\"fr-FR\",\"@id\":\"https:\\\/\\\/www.transpher.net\\\/site\\\/juin-le-mois-des-festivals-en-seine-et-marne\\\/#primaryimage\",\"url\":\"https:\\\/\\\/www.transpher.net\\\/site\\\/wp-content\\\/uploads\\\/2022\\\/06\\\/281357640_138183305469669_7078743083158269905_n.jpg\",\"contentUrl\":\"https:\\\/\\\/www.transpher.net\\\/site\\\/wp-content\\\/uploads\\\/2022\\\/06\\\/281357640_138183305469669_7078743083158269905_n.jpg\",\"width\":1449,\"height\":2048},{\"@type\":\"BreadcrumbList\",\"@id\":\"https:\\\/\\\/www.transpher.net\\\/site\\\/juin-le-mois-des-festivals-en-seine-et-marne\\\/#breadcrumb\",\"itemListElement\":[{\"@type\":\"ListItem\",\"position\":1,\"name\":\"Accueil\",\"item\":\"https:\\\/\\\/www.transpher.net\\\/site\\\/\"},{\"@type\":\"ListItem\",\"position\":2,\"name\":\"Juin, le mois des festivals en Seine-et-Marne !\"}]},{\"@type\":\"WebSite\",\"@id\":\"https:\\\/\\\/www.transpher.net\\\/site\\\/#website\",\"url\":\"https:\\\/\\\/www.transpher.net\\\/site\\\/\",\"name\":\"\",\"description\":\"\",\"publisher\":{\"@id\":\"https:\\\/\\\/www.transpher.net\\\/site\\\/#organization\"},\"potentialAction\":[{\"@type\":\"SearchAction\",\"target\":{\"@type\":\"EntryPoint\",\"urlTemplate\":\"https:\\\/\\\/www.transpher.net\\\/site\\\/?s={search_term_string}\"},\"query-input\":{\"@type\":\"PropertyValueSpecification\",\"valueRequired\":true,\"valueName\":\"search_term_string\"}}],\"inLanguage\":\"fr-FR\"},{\"@type\":\"Organization\",\"@id\":\"https:\\\/\\\/www.transpher.net\\\/site\\\/#organization\",\"name\":\"TRANSPHER Rock Celtique\",\"url\":\"https:\\\/\\\/www.transpher.net\\\/site\\\/\",\"logo\":{\"@type\":\"ImageObject\",\"inLanguage\":\"fr-FR\",\"@id\":\"https:\\\/\\\/www.transpher.net\\\/site\\\/#\\\/schema\\\/logo\\\/image\\\/\",\"url\":\"https:\\\/\\\/www.transpher.net\\\/site\\\/wp-content\\\/uploads\\\/2021\\\/04\\\/hd2-scaled.jpg\",\"contentUrl\":\"https:\\\/\\\/www.transpher.net\\\/site\\\/wp-content\\\/uploads\\\/2021\\\/04\\\/hd2-scaled.jpg\",\"width\":2560,\"height\":1529,\"caption\":\"TRANSPHER Rock Celtique\"},\"image\":{\"@id\":\"https:\\\/\\\/www.transpher.net\\\/site\\\/#\\\/schema\\\/logo\\\/image\\\/\"},\"sameAs\":[\"https:\\\/\\\/www.facebook.com\\\/TRANSPHERrockceltique\",\"https:\\\/\\\/www.instagram.com\\\/transphermusic\\\/\"]},{\"@type\":\"Person\",\"@id\":\"https:\\\/\\\/www.transpher.net\\\/site\\\/#\\\/schema\\\/person\\\/b68f3b23c001ef36184905b049abfed9\",\"name\":\"Jean-Marc Houdayer\",\"image\":{\"@type\":\"ImageObject\",\"inLanguage\":\"fr-FR\",\"@id\":\"https:\\\/\\\/secure.gravatar.com\\\/avatar\\\/2284ee9b930a21f357ba4aef42d47d3a37d90a416ae010a3bff3d5e7f9fac006?s=96&d=mm&r=g\",\"url\":\"https:\\\/\\\/secure.gravatar.com\\\/avatar\\\/2284ee9b930a21f357ba4aef42d47d3a37d90a416ae010a3bff3d5e7f9fac006?s=96&d=mm&r=g\",\"contentUrl\":\"https:\\\/\\\/secure.gravatar.com\\\/avatar\\\/2284ee9b930a21f357ba4aef42d47d3a37d90a416ae010a3bff3d5e7f9fac006?s=96&d=mm&r=g\",\"caption\":\"Jean-Marc Houdayer\"},\"url\":\"https:\\\/\\\/www.transpher.net\\\/site\\\/author\\\/jm\\\/\"}]}<\/script>\n<!-- \/ Yoast SEO plugin. -->","yoast_head_json":{"title":"Juin, le mois des festivals en Seine-et-Marne ! -","robots":{"index":"index","follow":"follow","max-snippet":"max-snippet:-1","max-image-preview":"max-image-preview:large","max-video-preview":"max-video-preview:-1"},"canonical":"https:\/\/www.transpher.net\/site\/juin-le-mois-des-festivals-en-seine-et-marne\/","og_locale":"fr_FR","og_type":"article","og_title":"Juin, le mois des festivals en Seine-et-Marne ! -","og_description":"Nous aurons le plaisir de partager l&rsquo;affiche avec de nombreux autres groupes \u00e0 Boulancourt le 18 juin, \u00e0 Provins le 24 juin et \u00e0 Larchant le 25 juin.","og_url":"https:\/\/www.transpher.net\/site\/juin-le-mois-des-festivals-en-seine-et-marne\/","article_publisher":"https:\/\/www.facebook.com\/TRANSPHERrockceltique","article_published_time":"2022-06-01T16:53:27+00:00","article_modified_time":"2023-04-17T07:54:16+00:00","og_image":[{"url":"https:\/\/www.transpher.net\/site\/wp-content\/uploads\/2022\/06\/281357640_138183305469669_7078743083158269905_n-600x848.jpg","type":"","width":"","height":""}],"author":"Jean-Marc Houdayer","twitter_card":"summary_large_image","twitter_misc":{"\u00c9crit par":"Jean-Marc Houdayer"},"schema":{"@context":"https:\/\/schema.org","@graph":[{"@type":"Article","@id":"https:\/\/www.transpher.net\/site\/juin-le-mois-des-festivals-en-seine-et-marne\/#article","isPartOf":{"@id":"https:\/\/www.transpher.net\/site\/juin-le-mois-des-festivals-en-seine-et-marne\/"},"author":{"name":"Jean-Marc Houdayer","@id":"https:\/\/www.transpher.net\/site\/#\/schema\/person\/b68f3b23c001ef36184905b049abfed9"},"headline":"Juin, le mois des festivals en Seine-et-Marne !","datePublished":"2022-06-01T16:53:27+00:00","dateModified":"2023-04-17T07:54:16+00:00","mainEntityOfPage":{"@id":"https:\/\/www.transpher.net\/site\/juin-le-mois-des-festivals-en-seine-et-marne\/"},"wordCount":85,"publisher":{"@id":"https:\/\/www.transpher.net\/site\/#organization"},"image":{"@id":"https:\/\/www.transpher.net\/site\/juin-le-mois-des-festivals-en-seine-et-marne\/#primaryimage"},"thumbnailUrl":"https:\/\/www.transpher.net\/site\/wp-content\/uploads\/2022\/06\/281357640_138183305469669_7078743083158269905_n-600x848.jpg","keywords":["concert","musique celtique festive","Rock celtique","Transpher"],"articleSection":["news"],"inLanguage":"fr-FR"},{"@type":"WebPage","@id":"https:\/\/www.transpher.net\/site\/juin-le-mois-des-festivals-en-seine-et-marne\/","url":"https:\/\/www.transpher.net\/site\/juin-le-mois-des-festivals-en-seine-et-marne\/","name":"Juin, le mois des festivals en Seine-et-Marne ! -","isPartOf":{"@id":"https:\/\/www.transpher.net\/site\/#website"},"primaryImageOfPage":{"@id":"https:\/\/www.transpher.net\/site\/juin-le-mois-des-festivals-en-seine-et-marne\/#primaryimage"},"image":{"@id":"https:\/\/www.transpher.net\/site\/juin-le-mois-des-festivals-en-seine-et-marne\/#primaryimage"},"thumbnailUrl":"https:\/\/www.transpher.net\/site\/wp-content\/uploads\/2022\/06\/281357640_138183305469669_7078743083158269905_n-600x848.jpg","datePublished":"2022-06-01T16:53:27+00:00","dateModified":"2023-04-17T07:54:16+00:00","breadcrumb":{"@id":"https:\/\/www.transpher.net\/site\/juin-le-mois-des-festivals-en-seine-et-marne\/#breadcrumb"},"inLanguage":"fr-FR","potentialAction":[{"@type":"ReadAction","target":["https:\/\/www.transpher.net\/site\/juin-le-mois-des-festivals-en-seine-et-marne\/"]}]},{"@type":"ImageObject","inLanguage":"fr-FR","@id":"https:\/\/www.transpher.net\/site\/juin-le-mois-des-festivals-en-seine-et-marne\/#primaryimage","url":"https:\/\/www.transpher.net\/site\/wp-content\/uploads\/2022\/06\/281357640_138183305469669_7078743083158269905_n.jpg","contentUrl":"https:\/\/www.transpher.net\/site\/wp-content\/uploads\/2022\/06\/281357640_138183305469669_7078743083158269905_n.jpg","width":1449,"height":2048},{"@type":"BreadcrumbList","@id":"https:\/\/www.transpher.net\/site\/juin-le-mois-des-festivals-en-seine-et-marne\/#breadcrumb","itemListElement":[{"@type":"ListItem","position":1,"name":"Accueil","item":"https:\/\/www.transpher.net\/site\/"},{"@type":"ListItem","position":2,"name":"Juin, le mois des festivals en Seine-et-Marne !"}]},{"@type":"WebSite","@id":"https:\/\/www.transpher.net\/site\/#website","url":"https:\/\/www.transpher.net\/site\/","name":"","description":"","publisher":{"@id":"https:\/\/www.transpher.net\/site\/#organization"},"potentialAction":[{"@type":"SearchAction","target":{"@type":"EntryPoint","urlTemplate":"https:\/\/www.transpher.net\/site\/?s={search_term_string}"},"query-input":{"@type":"PropertyValueSpecification","valueRequired":true,"valueName":"search_term_string"}}],"inLanguage":"fr-FR"},{"@type":"Organization","@id":"https:\/\/www.transpher.net\/site\/#organization","name":"TRANSPHER Rock Celtique","url":"https:\/\/www.transpher.net\/site\/","logo":{"@type":"ImageObject","inLanguage":"fr-FR","@id":"https:\/\/www.transpher.net\/site\/#\/schema\/logo\/image\/","url":"https:\/\/www.transpher.net\/site\/wp-content\/uploads\/2021\/04\/hd2-scaled.jpg","contentUrl":"https:\/\/www.transpher.net\/site\/wp-content\/uploads\/2021\/04\/hd2-scaled.jpg","width":2560,"height":1529,"caption":"TRANSPHER Rock Celtique"},"image":{"@id":"https:\/\/www.transpher.net\/site\/#\/schema\/logo\/image\/"},"sameAs":["https:\/\/www.facebook.com\/TRANSPHERrockceltique","https:\/\/www.instagram.com\/transphermusic\/"]},{"@type":"Person","@id":"https:\/\/www.transpher.net\/site\/#\/schema\/person\/b68f3b23c001ef36184905b049abfed9","name":"Jean-Marc Houdayer","image":{"@type":"ImageObject","inLanguage":"fr-FR","@id":"https:\/\/secure.gravatar.com\/avatar\/2284ee9b930a21f357ba4aef42d47d3a37d90a416ae010a3bff3d5e7f9fac006?s=96&d=mm&r=g","url":"https:\/\/secure.gravatar.com\/avatar\/2284ee9b930a21f357ba4aef42d47d3a37d90a416ae010a3bff3d5e7f9fac006?s=96&d=mm&r=g","contentUrl":"https:\/\/secure.gravatar.com\/avatar\/2284ee9b930a21f357ba4aef42d47d3a37d90a416ae010a3bff3d5e7f9fac006?s=96&d=mm&r=g","caption":"Jean-Marc Houdayer"},"url":"https:\/\/www.transpher.net\/site\/author\/jm\/"}]}},"_links":{"self":[{"href":"https:\/\/www.transpher.net\/site\/wp-json\/wp\/v2\/posts\/3055","targetHints":{"allow":["GET"]}}],"collection":[{"href":"https:\/\/www.transpher.net\/site\/wp-json\/wp\/v2\/posts"}],"about":[{"href":"https:\/\/www.transpher.net\/site\/wp-json\/wp\/v2\/types\/post"}],"author":[{"embeddable":true,"href":"https:\/\/www.transpher.net\/site\/wp-json\/wp\/v2\/users\/2"}],"replies":[{"embeddable":true,"href":"https:\/\/www.transpher.net\/site\/wp-json\/wp\/v2\/comments?post=3055"}],"version-history":[{"count":0,"href":"https:\/\/www.transpher.net\/site\/wp-json\/wp\/v2\/posts\/3055\/revisions"}],"wp:attachment":[{"href":"https:\/\/www.transpher.net\/site\/wp-json\/wp\/v2\/media?parent=3055"}],"wp:term":[{"taxonomy":"category","embeddable":true,"href":"https:\/\/www.transpher.net\/site\/wp-json\/wp\/v2\/categories?post=3055"},{"taxonomy":"post_tag","embeddable":true,"href":"https:\/\/www.transpher.net\/site\/wp-json\/wp\/v2\/tags?post=3055"}],"curies":[{"name":"wp","href":"https:\/\/api.w.org\/{rel}","templated":true}]}}