{"id":3078,"date":"2022-06-23T18:48:36","date_gmt":"2022-06-23T16:48:36","guid":{"rendered":"http:\/\/www.transpher.net\/site\/?p=3078"},"modified":"2023-04-17T09:54:16","modified_gmt":"2023-04-17T07:54:16","slug":"suite-des-festivals-en-seine-et-marne-sur-deux-superbes-sites","status":"publish","type":"post","link":"https:\/\/www.transpher.net\/site\/suite-des-festivals-en-seine-et-marne-sur-deux-superbes-sites\/","title":{"rendered":"Suite des Festivals en Seine et Marne,  sur deux superbes sites !"},"content":{"rendered":"\n<p>VENDREDI 24 juin \u00e0 PROVINS nous jouerons \u00e0 22H00, sur le magnifique site du Couvent des Cordeli\u00e8res pour un festival de rock celtique, en compagnie du groupe Kalffa.<\/p>\n\n\n<div class=\"wp-block-image\">\n<figure class=\"aligncenter size-large is-resized\"><img loading=\"lazy\" decoding=\"async\" src=\"http:\/\/www.transpher.net\/site\/wp-content\/uploads\/2022\/06\/279443022_772016630407397_1866998870212832234_n-600x842.jpg\" alt=\"\" class=\"wp-image-3057\" width=\"155\" height=\"216\"\/><figcaption>acc\u00e8s au site par la route de Nanteuil \u00e0 Provins<\/figcaption><\/figure>\n<\/div>\n\n\n<p>SAMEDI 25 nous jouerons \u00e0 22h30 au Festi-Baleine, \u00e0 Larchant sur le super site de la baleine, une carri\u00e8re \u00e0 ciel ouvert, avec plein d&rsquo;autres groupes. Ne ratez pas ce beau RV !<\/p>\n\n\n<div class=\"wp-block-image\">\n<figure class=\"aligncenter size-large is-resized\"><img loading=\"lazy\" decoding=\"async\" src=\"http:\/\/www.transpher.net\/site\/wp-content\/uploads\/2022\/06\/affiche-2022_Plan-de-travail-A4-600x849.jpg\" alt=\"\" class=\"wp-image-3058\" width=\"155\" height=\"219\" srcset=\"https:\/\/www.transpher.net\/site\/wp-content\/uploads\/2022\/06\/affiche-2022_Plan-de-travail-A4-600x849.jpg 600w, https:\/\/www.transpher.net\/site\/wp-content\/uploads\/2022\/06\/affiche-2022_Plan-de-travail-A4-300x424.jpg 300w, https:\/\/www.transpher.net\/site\/wp-content\/uploads\/2022\/06\/affiche-2022_Plan-de-travail-A4-768x1086.jpg 768w, https:\/\/www.transpher.net\/site\/wp-content\/uploads\/2022\/06\/affiche-2022_Plan-de-travail-A4-1086x1536.jpg 1086w, https:\/\/www.transpher.net\/site\/wp-content\/uploads\/2022\/06\/affiche-2022_Plan-de-travail-A4-1448x2048.jpg 1448w, https:\/\/www.transpher.net\/site\/wp-content\/uploads\/2022\/06\/affiche-2022_Plan-de-travail-A4-125x177.jpg 125w, https:\/\/www.transpher.net\/site\/wp-content\/uploads\/2022\/06\/affiche-2022_Plan-de-travail-A4-scaled.jpg 1810w\" sizes=\"auto, (max-width: 155px) 100vw, 155px\" \/><\/figure>\n<\/div>\n\n<p>Un petit extrait:<br>\n<iframe loading=\"lazy\" src=\"https:\/\/www.facebook.com\/plugins\/video.php?height=314&amp;href=https%3A%2F%2Fwww.facebook.com%2FTRANSPHERrockceltique%2Fvideos%2F1114339765785192%2F&amp;show_text=false&amp;width=560&amp;t=0\" width=\"560\" height=\"314\" style=\"border:none;overflow:hidden\" scrolling=\"no\" frameborder=\"0\" allowfullscreen=\"true\" allow=\"autoplay; clipboard-write; encrypted-media; picture-in-picture; web-share\"><\/iframe><\/p>","protected":false},"excerpt":{"rendered":"<p>VENDREDI 24 juin \u00e0 PROVINS nous jouerons \u00e0 22H00, sur le magnifique site du Couvent des Cordeli\u00e8res pour un festival de rock celtique, en compagnie du groupe Kalffa. SAMEDI 25<\/p>\n<p class=\"more-link\"><a href=\"https:\/\/www.transpher.net\/site\/suite-des-festivals-en-seine-et-marne-sur-deux-superbes-sites\/\" class=\"readmore\">Continuer la lecture<span class=\"screen-reader-text\">Suite des Festivals en Seine et Marne,  sur deux superbes sites !<\/span><\/a><\/p>\n","protected":false},"author":2,"featured_media":0,"comment_status":"closed","ping_status":"open","sticky":false,"template":"","format":"standard","meta":{"ngg_post_thumbnail":0,"footnotes":""},"categories":[6],"tags":[16,15,21,14],"class_list":["post-3078","post","type-post","status-publish","format-standard","hentry","category-news-rock-celtique","tag-concert-rock-celtique","tag-musique-celtique-festive-rock-celtique","tag-rock-celtique","tag-transpher-rock-celtique"],"yoast_head":"<!-- This site is optimized with the Yoast SEO plugin v27.5 - https:\/\/yoast.com\/product\/yoast-seo-wordpress\/ -->\n<title>Suite des Festivals en Seine et Marne, sur deux superbes sites ! -<\/title>\n<meta name=\"robots\" content=\"index, follow, max-snippet:-1, max-image-preview:large, max-video-preview:-1\" \/>\n<link rel=\"canonical\" href=\"https:\/\/www.transpher.net\/site\/suite-des-festivals-en-seine-et-marne-sur-deux-superbes-sites\/\" \/>\n<meta property=\"og:locale\" content=\"fr_FR\" \/>\n<meta property=\"og:type\" content=\"article\" \/>\n<meta property=\"og:title\" content=\"Suite des Festivals en Seine et Marne, sur deux superbes sites ! -\" \/>\n<meta property=\"og:description\" content=\"VENDREDI 24 juin \u00e0 PROVINS nous jouerons \u00e0 22H00, sur le magnifique site du Couvent des Cordeli\u00e8res pour un festival de rock celtique, en compagnie du groupe Kalffa. SAMEDI 25Continuer la lectureSuite des Festivals en Seine et Marne, sur deux superbes sites !\" \/>\n<meta property=\"og:url\" content=\"https:\/\/www.transpher.net\/site\/suite-des-festivals-en-seine-et-marne-sur-deux-superbes-sites\/\" \/>\n<meta property=\"article:publisher\" content=\"https:\/\/www.facebook.com\/TRANSPHERrockceltique\" \/>\n<meta property=\"article:published_time\" content=\"2022-06-23T16:48:36+00:00\" \/>\n<meta property=\"article:modified_time\" content=\"2023-04-17T07:54:16+00:00\" \/>\n<meta property=\"og:image\" content=\"http:\/\/www.transpher.net\/site\/wp-content\/uploads\/2022\/06\/279443022_772016630407397_1866998870212832234_n-600x842.jpg\" \/>\n<meta name=\"author\" content=\"Jean-Marc Houdayer\" \/>\n<meta name=\"twitter:card\" content=\"summary_large_image\" \/>\n<meta name=\"twitter:label1\" content=\"\u00c9crit par\" \/>\n\t<meta name=\"twitter:data1\" content=\"Jean-Marc Houdayer\" \/>\n<script type=\"application\/ld+json\" class=\"yoast-schema-graph\">{\"@context\":\"https:\\\/\\\/schema.org\",\"@graph\":[{\"@type\":\"Article\",\"@id\":\"https:\\\/\\\/www.transpher.net\\\/site\\\/suite-des-festivals-en-seine-et-marne-sur-deux-superbes-sites\\\/#article\",\"isPartOf\":{\"@id\":\"https:\\\/\\\/www.transpher.net\\\/site\\\/suite-des-festivals-en-seine-et-marne-sur-deux-superbes-sites\\\/\"},\"author\":{\"name\":\"Jean-Marc Houdayer\",\"@id\":\"https:\\\/\\\/www.transpher.net\\\/site\\\/#\\\/schema\\\/person\\\/b68f3b23c001ef36184905b049abfed9\"},\"headline\":\"Suite des Festivals en Seine et Marne, sur deux superbes sites !\",\"datePublished\":\"2022-06-23T16:48:36+00:00\",\"dateModified\":\"2023-04-17T07:54:16+00:00\",\"mainEntityOfPage\":{\"@id\":\"https:\\\/\\\/www.transpher.net\\\/site\\\/suite-des-festivals-en-seine-et-marne-sur-deux-superbes-sites\\\/\"},\"wordCount\":79,\"publisher\":{\"@id\":\"https:\\\/\\\/www.transpher.net\\\/site\\\/#organization\"},\"image\":{\"@id\":\"https:\\\/\\\/www.transpher.net\\\/site\\\/suite-des-festivals-en-seine-et-marne-sur-deux-superbes-sites\\\/#primaryimage\"},\"thumbnailUrl\":\"http:\\\/\\\/www.transpher.net\\\/site\\\/wp-content\\\/uploads\\\/2022\\\/06\\\/279443022_772016630407397_1866998870212832234_n-600x842.jpg\",\"keywords\":[\"concert\",\"musique celtique festive\",\"Rock celtique\",\"Transpher\"],\"articleSection\":[\"news\"],\"inLanguage\":\"fr-FR\"},{\"@type\":\"WebPage\",\"@id\":\"https:\\\/\\\/www.transpher.net\\\/site\\\/suite-des-festivals-en-seine-et-marne-sur-deux-superbes-sites\\\/\",\"url\":\"https:\\\/\\\/www.transpher.net\\\/site\\\/suite-des-festivals-en-seine-et-marne-sur-deux-superbes-sites\\\/\",\"name\":\"Suite des Festivals en Seine et Marne, sur deux superbes sites ! -\",\"isPartOf\":{\"@id\":\"https:\\\/\\\/www.transpher.net\\\/site\\\/#website\"},\"primaryImageOfPage\":{\"@id\":\"https:\\\/\\\/www.transpher.net\\\/site\\\/suite-des-festivals-en-seine-et-marne-sur-deux-superbes-sites\\\/#primaryimage\"},\"image\":{\"@id\":\"https:\\\/\\\/www.transpher.net\\\/site\\\/suite-des-festivals-en-seine-et-marne-sur-deux-superbes-sites\\\/#primaryimage\"},\"thumbnailUrl\":\"http:\\\/\\\/www.transpher.net\\\/site\\\/wp-content\\\/uploads\\\/2022\\\/06\\\/279443022_772016630407397_1866998870212832234_n-600x842.jpg\",\"datePublished\":\"2022-06-23T16:48:36+00:00\",\"dateModified\":\"2023-04-17T07:54:16+00:00\",\"breadcrumb\":{\"@id\":\"https:\\\/\\\/www.transpher.net\\\/site\\\/suite-des-festivals-en-seine-et-marne-sur-deux-superbes-sites\\\/#breadcrumb\"},\"inLanguage\":\"fr-FR\",\"potentialAction\":[{\"@type\":\"ReadAction\",\"target\":[\"https:\\\/\\\/www.transpher.net\\\/site\\\/suite-des-festivals-en-seine-et-marne-sur-deux-superbes-sites\\\/\"]}]},{\"@type\":\"ImageObject\",\"inLanguage\":\"fr-FR\",\"@id\":\"https:\\\/\\\/www.transpher.net\\\/site\\\/suite-des-festivals-en-seine-et-marne-sur-deux-superbes-sites\\\/#primaryimage\",\"url\":\"https:\\\/\\\/www.transpher.net\\\/site\\\/wp-content\\\/uploads\\\/2022\\\/06\\\/279443022_772016630407397_1866998870212832234_n.jpg\",\"contentUrl\":\"https:\\\/\\\/www.transpher.net\\\/site\\\/wp-content\\\/uploads\\\/2022\\\/06\\\/279443022_772016630407397_1866998870212832234_n.jpg\",\"width\":684,\"height\":960},{\"@type\":\"BreadcrumbList\",\"@id\":\"https:\\\/\\\/www.transpher.net\\\/site\\\/suite-des-festivals-en-seine-et-marne-sur-deux-superbes-sites\\\/#breadcrumb\",\"itemListElement\":[{\"@type\":\"ListItem\",\"position\":1,\"name\":\"Accueil\",\"item\":\"https:\\\/\\\/www.transpher.net\\\/site\\\/\"},{\"@type\":\"ListItem\",\"position\":2,\"name\":\"Suite des Festivals en Seine et Marne, sur deux superbes sites !\"}]},{\"@type\":\"WebSite\",\"@id\":\"https:\\\/\\\/www.transpher.net\\\/site\\\/#website\",\"url\":\"https:\\\/\\\/www.transpher.net\\\/site\\\/\",\"name\":\"\",\"description\":\"\",\"publisher\":{\"@id\":\"https:\\\/\\\/www.transpher.net\\\/site\\\/#organization\"},\"potentialAction\":[{\"@type\":\"SearchAction\",\"target\":{\"@type\":\"EntryPoint\",\"urlTemplate\":\"https:\\\/\\\/www.transpher.net\\\/site\\\/?s={search_term_string}\"},\"query-input\":{\"@type\":\"PropertyValueSpecification\",\"valueRequired\":true,\"valueName\":\"search_term_string\"}}],\"inLanguage\":\"fr-FR\"},{\"@type\":\"Organization\",\"@id\":\"https:\\\/\\\/www.transpher.net\\\/site\\\/#organization\",\"name\":\"TRANSPHER Rock Celtique\",\"url\":\"https:\\\/\\\/www.transpher.net\\\/site\\\/\",\"logo\":{\"@type\":\"ImageObject\",\"inLanguage\":\"fr-FR\",\"@id\":\"https:\\\/\\\/www.transpher.net\\\/site\\\/#\\\/schema\\\/logo\\\/image\\\/\",\"url\":\"https:\\\/\\\/www.transpher.net\\\/site\\\/wp-content\\\/uploads\\\/2021\\\/04\\\/hd2-scaled.jpg\",\"contentUrl\":\"https:\\\/\\\/www.transpher.net\\\/site\\\/wp-content\\\/uploads\\\/2021\\\/04\\\/hd2-scaled.jpg\",\"width\":2560,\"height\":1529,\"caption\":\"TRANSPHER Rock Celtique\"},\"image\":{\"@id\":\"https:\\\/\\\/www.transpher.net\\\/site\\\/#\\\/schema\\\/logo\\\/image\\\/\"},\"sameAs\":[\"https:\\\/\\\/www.facebook.com\\\/TRANSPHERrockceltique\",\"https:\\\/\\\/www.instagram.com\\\/transphermusic\\\/\"]},{\"@type\":\"Person\",\"@id\":\"https:\\\/\\\/www.transpher.net\\\/site\\\/#\\\/schema\\\/person\\\/b68f3b23c001ef36184905b049abfed9\",\"name\":\"Jean-Marc Houdayer\",\"image\":{\"@type\":\"ImageObject\",\"inLanguage\":\"fr-FR\",\"@id\":\"https:\\\/\\\/secure.gravatar.com\\\/avatar\\\/2284ee9b930a21f357ba4aef42d47d3a37d90a416ae010a3bff3d5e7f9fac006?s=96&d=mm&r=g\",\"url\":\"https:\\\/\\\/secure.gravatar.com\\\/avatar\\\/2284ee9b930a21f357ba4aef42d47d3a37d90a416ae010a3bff3d5e7f9fac006?s=96&d=mm&r=g\",\"contentUrl\":\"https:\\\/\\\/secure.gravatar.com\\\/avatar\\\/2284ee9b930a21f357ba4aef42d47d3a37d90a416ae010a3bff3d5e7f9fac006?s=96&d=mm&r=g\",\"caption\":\"Jean-Marc Houdayer\"},\"url\":\"https:\\\/\\\/www.transpher.net\\\/site\\\/author\\\/jm\\\/\"}]}<\/script>\n<!-- \/ Yoast SEO plugin. -->","yoast_head_json":{"title":"Suite des Festivals en Seine et Marne, sur deux superbes sites ! -","robots":{"index":"index","follow":"follow","max-snippet":"max-snippet:-1","max-image-preview":"max-image-preview:large","max-video-preview":"max-video-preview:-1"},"canonical":"https:\/\/www.transpher.net\/site\/suite-des-festivals-en-seine-et-marne-sur-deux-superbes-sites\/","og_locale":"fr_FR","og_type":"article","og_title":"Suite des Festivals en Seine et Marne, sur deux superbes sites ! -","og_description":"VENDREDI 24 juin \u00e0 PROVINS nous jouerons \u00e0 22H00, sur le magnifique site du Couvent des Cordeli\u00e8res pour un festival de rock celtique, en compagnie du groupe Kalffa. SAMEDI 25Continuer la lectureSuite des Festivals en Seine et Marne, sur deux superbes sites !","og_url":"https:\/\/www.transpher.net\/site\/suite-des-festivals-en-seine-et-marne-sur-deux-superbes-sites\/","article_publisher":"https:\/\/www.facebook.com\/TRANSPHERrockceltique","article_published_time":"2022-06-23T16:48:36+00:00","article_modified_time":"2023-04-17T07:54:16+00:00","og_image":[{"url":"http:\/\/www.transpher.net\/site\/wp-content\/uploads\/2022\/06\/279443022_772016630407397_1866998870212832234_n-600x842.jpg","type":"","width":"","height":""}],"author":"Jean-Marc Houdayer","twitter_card":"summary_large_image","twitter_misc":{"\u00c9crit par":"Jean-Marc Houdayer"},"schema":{"@context":"https:\/\/schema.org","@graph":[{"@type":"Article","@id":"https:\/\/www.transpher.net\/site\/suite-des-festivals-en-seine-et-marne-sur-deux-superbes-sites\/#article","isPartOf":{"@id":"https:\/\/www.transpher.net\/site\/suite-des-festivals-en-seine-et-marne-sur-deux-superbes-sites\/"},"author":{"name":"Jean-Marc Houdayer","@id":"https:\/\/www.transpher.net\/site\/#\/schema\/person\/b68f3b23c001ef36184905b049abfed9"},"headline":"Suite des Festivals en Seine et Marne, sur deux superbes sites !","datePublished":"2022-06-23T16:48:36+00:00","dateModified":"2023-04-17T07:54:16+00:00","mainEntityOfPage":{"@id":"https:\/\/www.transpher.net\/site\/suite-des-festivals-en-seine-et-marne-sur-deux-superbes-sites\/"},"wordCount":79,"publisher":{"@id":"https:\/\/www.transpher.net\/site\/#organization"},"image":{"@id":"https:\/\/www.transpher.net\/site\/suite-des-festivals-en-seine-et-marne-sur-deux-superbes-sites\/#primaryimage"},"thumbnailUrl":"http:\/\/www.transpher.net\/site\/wp-content\/uploads\/2022\/06\/279443022_772016630407397_1866998870212832234_n-600x842.jpg","keywords":["concert","musique celtique festive","Rock celtique","Transpher"],"articleSection":["news"],"inLanguage":"fr-FR"},{"@type":"WebPage","@id":"https:\/\/www.transpher.net\/site\/suite-des-festivals-en-seine-et-marne-sur-deux-superbes-sites\/","url":"https:\/\/www.transpher.net\/site\/suite-des-festivals-en-seine-et-marne-sur-deux-superbes-sites\/","name":"Suite des Festivals en Seine et Marne, sur deux superbes sites ! -","isPartOf":{"@id":"https:\/\/www.transpher.net\/site\/#website"},"primaryImageOfPage":{"@id":"https:\/\/www.transpher.net\/site\/suite-des-festivals-en-seine-et-marne-sur-deux-superbes-sites\/#primaryimage"},"image":{"@id":"https:\/\/www.transpher.net\/site\/suite-des-festivals-en-seine-et-marne-sur-deux-superbes-sites\/#primaryimage"},"thumbnailUrl":"http:\/\/www.transpher.net\/site\/wp-content\/uploads\/2022\/06\/279443022_772016630407397_1866998870212832234_n-600x842.jpg","datePublished":"2022-06-23T16:48:36+00:00","dateModified":"2023-04-17T07:54:16+00:00","breadcrumb":{"@id":"https:\/\/www.transpher.net\/site\/suite-des-festivals-en-seine-et-marne-sur-deux-superbes-sites\/#breadcrumb"},"inLanguage":"fr-FR","potentialAction":[{"@type":"ReadAction","target":["https:\/\/www.transpher.net\/site\/suite-des-festivals-en-seine-et-marne-sur-deux-superbes-sites\/"]}]},{"@type":"ImageObject","inLanguage":"fr-FR","@id":"https:\/\/www.transpher.net\/site\/suite-des-festivals-en-seine-et-marne-sur-deux-superbes-sites\/#primaryimage","url":"https:\/\/www.transpher.net\/site\/wp-content\/uploads\/2022\/06\/279443022_772016630407397_1866998870212832234_n.jpg","contentUrl":"https:\/\/www.transpher.net\/site\/wp-content\/uploads\/2022\/06\/279443022_772016630407397_1866998870212832234_n.jpg","width":684,"height":960},{"@type":"BreadcrumbList","@id":"https:\/\/www.transpher.net\/site\/suite-des-festivals-en-seine-et-marne-sur-deux-superbes-sites\/#breadcrumb","itemListElement":[{"@type":"ListItem","position":1,"name":"Accueil","item":"https:\/\/www.transpher.net\/site\/"},{"@type":"ListItem","position":2,"name":"Suite des Festivals en Seine et Marne, sur deux superbes sites !"}]},{"@type":"WebSite","@id":"https:\/\/www.transpher.net\/site\/#website","url":"https:\/\/www.transpher.net\/site\/","name":"","description":"","publisher":{"@id":"https:\/\/www.transpher.net\/site\/#organization"},"potentialAction":[{"@type":"SearchAction","target":{"@type":"EntryPoint","urlTemplate":"https:\/\/www.transpher.net\/site\/?s={search_term_string}"},"query-input":{"@type":"PropertyValueSpecification","valueRequired":true,"valueName":"search_term_string"}}],"inLanguage":"fr-FR"},{"@type":"Organization","@id":"https:\/\/www.transpher.net\/site\/#organization","name":"TRANSPHER Rock Celtique","url":"https:\/\/www.transpher.net\/site\/","logo":{"@type":"ImageObject","inLanguage":"fr-FR","@id":"https:\/\/www.transpher.net\/site\/#\/schema\/logo\/image\/","url":"https:\/\/www.transpher.net\/site\/wp-content\/uploads\/2021\/04\/hd2-scaled.jpg","contentUrl":"https:\/\/www.transpher.net\/site\/wp-content\/uploads\/2021\/04\/hd2-scaled.jpg","width":2560,"height":1529,"caption":"TRANSPHER Rock Celtique"},"image":{"@id":"https:\/\/www.transpher.net\/site\/#\/schema\/logo\/image\/"},"sameAs":["https:\/\/www.facebook.com\/TRANSPHERrockceltique","https:\/\/www.instagram.com\/transphermusic\/"]},{"@type":"Person","@id":"https:\/\/www.transpher.net\/site\/#\/schema\/person\/b68f3b23c001ef36184905b049abfed9","name":"Jean-Marc Houdayer","image":{"@type":"ImageObject","inLanguage":"fr-FR","@id":"https:\/\/secure.gravatar.com\/avatar\/2284ee9b930a21f357ba4aef42d47d3a37d90a416ae010a3bff3d5e7f9fac006?s=96&d=mm&r=g","url":"https:\/\/secure.gravatar.com\/avatar\/2284ee9b930a21f357ba4aef42d47d3a37d90a416ae010a3bff3d5e7f9fac006?s=96&d=mm&r=g","contentUrl":"https:\/\/secure.gravatar.com\/avatar\/2284ee9b930a21f357ba4aef42d47d3a37d90a416ae010a3bff3d5e7f9fac006?s=96&d=mm&r=g","caption":"Jean-Marc Houdayer"},"url":"https:\/\/www.transpher.net\/site\/author\/jm\/"}]}},"_links":{"self":[{"href":"https:\/\/www.transpher.net\/site\/wp-json\/wp\/v2\/posts\/3078","targetHints":{"allow":["GET"]}}],"collection":[{"href":"https:\/\/www.transpher.net\/site\/wp-json\/wp\/v2\/posts"}],"about":[{"href":"https:\/\/www.transpher.net\/site\/wp-json\/wp\/v2\/types\/post"}],"author":[{"embeddable":true,"href":"https:\/\/www.transpher.net\/site\/wp-json\/wp\/v2\/users\/2"}],"replies":[{"embeddable":true,"href":"https:\/\/www.transpher.net\/site\/wp-json\/wp\/v2\/comments?post=3078"}],"version-history":[{"count":0,"href":"https:\/\/www.transpher.net\/site\/wp-json\/wp\/v2\/posts\/3078\/revisions"}],"wp:attachment":[{"href":"https:\/\/www.transpher.net\/site\/wp-json\/wp\/v2\/media?parent=3078"}],"wp:term":[{"taxonomy":"category","embeddable":true,"href":"https:\/\/www.transpher.net\/site\/wp-json\/wp\/v2\/categories?post=3078"},{"taxonomy":"post_tag","embeddable":true,"href":"https:\/\/www.transpher.net\/site\/wp-json\/wp\/v2\/tags?post=3078"}],"curies":[{"name":"wp","href":"https:\/\/api.w.org\/{rel}","templated":true}]}}