{"id":3138,"date":"2022-07-23T13:15:59","date_gmt":"2022-07-23T11:15:59","guid":{"rendered":"http:\/\/www.transpher.net\/site\/?p=3138"},"modified":"2023-04-20T21:34:56","modified_gmt":"2023-04-20T19:34:56","slug":"rock-celtique-prochain-festival-en-bretagne-le-30-juillet","status":"publish","type":"post","link":"https:\/\/www.transpher.net\/site\/rock-celtique-prochain-festival-en-bretagne-le-30-juillet\/","title":{"rendered":"Prochain festival en BRETAGNE"},"content":{"rendered":"\n<p>Le 30 Juillet dans les C\u00f4tes d&rsquo;Armor, \u00e0 St Samson sur Rance, avec 3 groupes \u00e0 l&rsquo;affiche pour seulement 5 euros ! Nous aurons le plaisir de jouer \u00e0 21h00 dans ce festival dont c&rsquo;est d\u00e9j\u00e0 la 11\u00e8me \u00e9dition !<\/p>\n\n\n\n<figure class=\"wp-block-image size-large\"><img loading=\"lazy\" decoding=\"async\" width=\"600\" height=\"450\" src=\"http:\/\/www.transpher.net\/site\/wp-content\/uploads\/2022\/07\/festi-rance-30-juillet-2022-1024x768-300dpi-600x450.jpg\" alt=\"festival rock celtique festi rance\" class=\"wp-image-3139\" srcset=\"https:\/\/www.transpher.net\/site\/wp-content\/uploads\/2022\/07\/festi-rance-30-juillet-2022-1024x768-300dpi-600x450.jpg 600w, https:\/\/www.transpher.net\/site\/wp-content\/uploads\/2022\/07\/festi-rance-30-juillet-2022-1024x768-300dpi-300x225.jpg 300w, https:\/\/www.transpher.net\/site\/wp-content\/uploads\/2022\/07\/festi-rance-30-juillet-2022-1024x768-300dpi-768x576.jpg 768w, https:\/\/www.transpher.net\/site\/wp-content\/uploads\/2022\/07\/festi-rance-30-juillet-2022-1024x768-300dpi-125x94.jpg 125w, https:\/\/www.transpher.net\/site\/wp-content\/uploads\/2022\/07\/festi-rance-30-juillet-2022-1024x768-300dpi.jpg 1024w\" sizes=\"auto, (max-width: 600px) 100vw, 600px\" \/><\/figure>\n\n\n\n<p><\/p>\n\n\n<p><iframe loading=\"lazy\" style=\"border: none; overflow: hidden;\" src=\"https:\/\/www.facebook.com\/plugins\/video.php?height=314&amp;href=https%3A%2F%2Fwww.facebook.com%2FTRANSPHERrockceltique%2Fvideos%2F415451947234706%2F&amp;show_text=false&amp;width=560&amp;t=0\" width=\"560\" height=\"314\" frameborder=\"0\" scrolling=\"no\" allowfullscreen=\"allowfullscreen\"><\/iframe><\/p>\n\n<div data-carousel-extra='{\"blog_id\":1,\"permalink\":\"https:\\\/\\\/www.transpher.net\\\/site\\\/rock-celtique-prochain-festival-en-bretagne-le-30-juillet\\\/\"}' class=\"tiled-gallery type-rectangular\" data-original-width=\"920\"><div class=\"gallery-row\" style=\"width: 915px; height: 636px;\"><div class=\"gallery-group images-1\" style=\"width: 578px; height: 640px;\"><div class=\"tiled-gallery-item tiled-gallery-item-full\"><a href=\"https:\/\/www.transpher.net\/site\/rock-celtique-prochain-festival-en-bretagne-le-30-juillet\/hm\/\"><img loading=\"lazy\" decoding=\"async\" data-attachment-id=\"3155\" data-orig-file=\"https:\/\/www.transpher.net\/site\/wp-content\/uploads\/2022\/08\/HM-scaled.jpg\" data-orig-size=\"2312,2560\" data-comments-opened=\"0\" data-image-meta=\"{&quot;aperture&quot;:&quot;4&quot;,&quot;credit&quot;:&quot;VANNOOTE DOMINIQUE&quot;,&quot;camera&quot;:&quot;Canon EOS 760D&quot;,&quot;caption&quot;:&quot;&quot;,&quot;created_timestamp&quot;:&quot;1659217589&quot;,&quot;copyright&quot;:&quot;Dominique Vannoote&quot;,&quot;focal_length&quot;:&quot;140&quot;,&quot;iso&quot;:&quot;6400&quot;,&quot;shutter_speed&quot;:&quot;0.0015625&quot;,&quot;title&quot;:&quot;&quot;,&quot;orientation&quot;:&quot;1&quot;}\" data-image-title=\"HM\" data-image-description=\"\" data-medium-file=\"https:\/\/www.transpher.net\/site\/wp-content\/uploads\/2022\/08\/HM-300x332.jpg\" data-large-file=\"https:\/\/www.transpher.net\/site\/wp-content\/uploads\/2022\/08\/HM-600x664.jpg\" src=\"https:\/\/www.transpher.net\/site\/wp-content\/uploads\/2022\/08\/HM-scaled.jpg\" width=\"574\" height=\"636\" align=\"left\" title=\"HM\" \/><\/a><\/div><\/div><div class=\"gallery-group images-2\" style=\"width: 337px; height: 640px;\"><div class=\"tiled-gallery-item tiled-gallery-item-full\"><a href=\"https:\/\/www.transpher.net\/site\/rock-celtique-prochain-festival-en-bretagne-le-30-juillet\/img_5697\/\"><img loading=\"lazy\" decoding=\"async\" data-attachment-id=\"3153\" data-orig-file=\"https:\/\/www.transpher.net\/site\/wp-content\/uploads\/2022\/08\/IMG_5697-scaled.jpg\" data-orig-size=\"2505,2560\" data-comments-opened=\"0\" data-image-meta=\"{&quot;aperture&quot;:&quot;4&quot;,&quot;credit&quot;:&quot;&quot;,&quot;camera&quot;:&quot;Canon EOS 5D Mark II&quot;,&quot;caption&quot;:&quot;&quot;,&quot;created_timestamp&quot;:&quot;1659212252&quot;,&quot;copyright&quot;:&quot;&quot;,&quot;focal_length&quot;:&quot;62&quot;,&quot;iso&quot;:&quot;800&quot;,&quot;shutter_speed&quot;:&quot;0.008&quot;,&quot;title&quot;:&quot;&quot;,&quot;orientation&quot;:&quot;1&quot;}\" data-image-title=\"IMG_5697\" data-image-description=\"\" data-medium-file=\"https:\/\/www.transpher.net\/site\/wp-content\/uploads\/2022\/08\/IMG_5697-300x307.jpg\" data-large-file=\"https:\/\/www.transpher.net\/site\/wp-content\/uploads\/2022\/08\/IMG_5697-600x613.jpg\" src=\"https:\/\/www.transpher.net\/site\/wp-content\/uploads\/2022\/08\/IMG_5697-scaled.jpg\" width=\"333\" height=\"341\" align=\"left\" title=\"IMG_5697\" \/><\/a><\/div><div class=\"tiled-gallery-item tiled-gallery-item-full\"><a href=\"https:\/\/www.transpher.net\/site\/rock-celtique-prochain-festival-en-bretagne-le-30-juillet\/img_5842\/\"><img loading=\"lazy\" decoding=\"async\" data-attachment-id=\"3154\" data-orig-file=\"https:\/\/www.transpher.net\/site\/wp-content\/uploads\/2022\/08\/IMG_5842-scaled.jpg\" data-orig-size=\"2560,2239\" data-comments-opened=\"0\" data-image-meta=\"{&quot;aperture&quot;:&quot;5&quot;,&quot;credit&quot;:&quot;&quot;,&quot;camera&quot;:&quot;Canon EOS 5D Mark II&quot;,&quot;caption&quot;:&quot;&quot;,&quot;created_timestamp&quot;:&quot;1659216238&quot;,&quot;copyright&quot;:&quot;&quot;,&quot;focal_length&quot;:&quot;27&quot;,&quot;iso&quot;:&quot;3200&quot;,&quot;shutter_speed&quot;:&quot;0.01&quot;,&quot;title&quot;:&quot;&quot;,&quot;orientation&quot;:&quot;1&quot;}\" data-image-title=\"IMG_5842\" data-image-description=\"\" data-medium-file=\"https:\/\/www.transpher.net\/site\/wp-content\/uploads\/2022\/08\/IMG_5842-300x262.jpg\" data-large-file=\"https:\/\/www.transpher.net\/site\/wp-content\/uploads\/2022\/08\/IMG_5842-600x525.jpg\" src=\"https:\/\/www.transpher.net\/site\/wp-content\/uploads\/2022\/08\/IMG_5842-scaled.jpg\" width=\"333\" height=\"291\" align=\"left\" title=\"IMG_5842\" \/><\/a><\/div><\/div><\/div><div class=\"gallery-row\" style=\"width: 915px; height: 492px;\"><div class=\"gallery-group images-1\" style=\"width: 498px; height: 496px;\"><div class=\"tiled-gallery-item tiled-gallery-item-full\"><a href=\"https:\/\/www.transpher.net\/site\/rock-celtique-prochain-festival-en-bretagne-le-30-juillet\/img_7030\/\"><img loading=\"lazy\" decoding=\"async\" data-attachment-id=\"3160\" data-orig-file=\"https:\/\/www.transpher.net\/site\/wp-content\/uploads\/2022\/08\/IMG_7030-scaled.jpg\" data-orig-size=\"2560,2550\" data-comments-opened=\"0\" data-image-meta=\"{&quot;aperture&quot;:&quot;4&quot;,&quot;credit&quot;:&quot;VANNOOTE DOMINIQUE&quot;,&quot;camera&quot;:&quot;Canon EOS 760D&quot;,&quot;caption&quot;:&quot;&quot;,&quot;created_timestamp&quot;:&quot;1659215419&quot;,&quot;copyright&quot;:&quot;Dominique Vannoote&quot;,&quot;focal_length&quot;:&quot;70&quot;,&quot;iso&quot;:&quot;2500&quot;,&quot;shutter_speed&quot;:&quot;0.00125&quot;,&quot;title&quot;:&quot;&quot;,&quot;orientation&quot;:&quot;1&quot;}\" data-image-title=\"IMG_7030\" data-image-description=\"\" data-medium-file=\"https:\/\/www.transpher.net\/site\/wp-content\/uploads\/2022\/08\/IMG_7030-300x299.jpg\" data-large-file=\"https:\/\/www.transpher.net\/site\/wp-content\/uploads\/2022\/08\/IMG_7030-600x598.jpg\" src=\"https:\/\/www.transpher.net\/site\/wp-content\/uploads\/2022\/08\/IMG_7030-scaled.jpg\" width=\"494\" height=\"492\" align=\"left\" title=\"IMG_7030\" \/><\/a><\/div><\/div><div class=\"gallery-group images-1\" style=\"width: 417px; height: 496px;\"><div class=\"tiled-gallery-item tiled-gallery-item-full\"><a href=\"https:\/\/www.transpher.net\/site\/rock-celtique-prochain-festival-en-bretagne-le-30-juillet\/img_7076\/\"><img loading=\"lazy\" decoding=\"async\" data-attachment-id=\"3159\" data-orig-file=\"https:\/\/www.transpher.net\/site\/wp-content\/uploads\/2022\/08\/IMG_7076-scaled.jpg\" data-orig-size=\"2150,2560\" data-comments-opened=\"0\" data-image-meta=\"{&quot;aperture&quot;:&quot;4&quot;,&quot;credit&quot;:&quot;VANNOOTE DOMINIQUE&quot;,&quot;camera&quot;:&quot;Canon EOS 760D&quot;,&quot;caption&quot;:&quot;&quot;,&quot;created_timestamp&quot;:&quot;1659216203&quot;,&quot;copyright&quot;:&quot;Dominique Vannoote&quot;,&quot;focal_length&quot;:&quot;70&quot;,&quot;iso&quot;:&quot;6400&quot;,&quot;shutter_speed&quot;:&quot;0.00125&quot;,&quot;title&quot;:&quot;&quot;,&quot;orientation&quot;:&quot;1&quot;}\" data-image-title=\"IMG_7076\" data-image-description=\"\" data-medium-file=\"https:\/\/www.transpher.net\/site\/wp-content\/uploads\/2022\/08\/IMG_7076-300x357.jpg\" data-large-file=\"https:\/\/www.transpher.net\/site\/wp-content\/uploads\/2022\/08\/IMG_7076-600x714.jpg\" src=\"https:\/\/www.transpher.net\/site\/wp-content\/uploads\/2022\/08\/IMG_7076-scaled.jpg\" width=\"413\" height=\"492\" align=\"left\" title=\"IMG_7076\" \/><\/a><\/div><\/div><\/div><div class=\"gallery-row\" style=\"width: 915px; height: 426px;\"><div class=\"gallery-group images-1\" style=\"width: 339px; height: 430px;\"><div class=\"tiled-gallery-item tiled-gallery-item-full\"><a href=\"https:\/\/www.transpher.net\/site\/rock-celtique-prochain-festival-en-bretagne-le-30-juillet\/img_7111\/\"><img loading=\"lazy\" decoding=\"async\" data-attachment-id=\"3161\" data-orig-file=\"https:\/\/www.transpher.net\/site\/wp-content\/uploads\/2022\/08\/IMG_7111-scaled.jpg\" data-orig-size=\"2015,2560\" data-comments-opened=\"0\" data-image-meta=\"{&quot;aperture&quot;:&quot;4&quot;,&quot;credit&quot;:&quot;VANNOOTE DOMINIQUE&quot;,&quot;camera&quot;:&quot;Canon EOS 760D&quot;,&quot;caption&quot;:&quot;&quot;,&quot;created_timestamp&quot;:&quot;1659217309&quot;,&quot;copyright&quot;:&quot;Dominique Vannoote&quot;,&quot;focal_length&quot;:&quot;70&quot;,&quot;iso&quot;:&quot;6400&quot;,&quot;shutter_speed&quot;:&quot;0.002&quot;,&quot;title&quot;:&quot;&quot;,&quot;orientation&quot;:&quot;1&quot;}\" data-image-title=\"IMG_7111\" data-image-description=\"\" data-medium-file=\"https:\/\/www.transpher.net\/site\/wp-content\/uploads\/2022\/08\/IMG_7111-300x381.jpg\" data-large-file=\"https:\/\/www.transpher.net\/site\/wp-content\/uploads\/2022\/08\/IMG_7111-600x762.jpg\" src=\"https:\/\/www.transpher.net\/site\/wp-content\/uploads\/2022\/08\/IMG_7111-scaled.jpg\" width=\"335\" height=\"426\" align=\"left\" title=\"IMG_7111\" \/><\/a><\/div><\/div><div class=\"gallery-group images-1\" style=\"width: 288px; height: 430px;\"><div class=\"tiled-gallery-item tiled-gallery-item-full\"><a href=\"https:\/\/www.transpher.net\/site\/rock-celtique-prochain-festival-en-bretagne-le-30-juillet\/img_7042\/\"><img loading=\"lazy\" decoding=\"async\" data-attachment-id=\"3162\" data-orig-file=\"https:\/\/www.transpher.net\/site\/wp-content\/uploads\/2022\/08\/IMG_7042-scaled.jpg\" data-orig-size=\"1707,2560\" data-comments-opened=\"0\" data-image-meta=\"{&quot;aperture&quot;:&quot;4&quot;,&quot;credit&quot;:&quot;VANNOOTE DOMINIQUE&quot;,&quot;camera&quot;:&quot;Canon EOS 760D&quot;,&quot;caption&quot;:&quot;&quot;,&quot;created_timestamp&quot;:&quot;1659215680&quot;,&quot;copyright&quot;:&quot;Dominique Vannoote&quot;,&quot;focal_length&quot;:&quot;81&quot;,&quot;iso&quot;:&quot;6400&quot;,&quot;shutter_speed&quot;:&quot;0.00125&quot;,&quot;title&quot;:&quot;&quot;,&quot;orientation&quot;:&quot;1&quot;}\" data-image-title=\"IMG_7042\" data-image-description=\"\" data-medium-file=\"https:\/\/www.transpher.net\/site\/wp-content\/uploads\/2022\/08\/IMG_7042-300x450.jpg\" data-large-file=\"https:\/\/www.transpher.net\/site\/wp-content\/uploads\/2022\/08\/IMG_7042-600x900.jpg\" src=\"https:\/\/www.transpher.net\/site\/wp-content\/uploads\/2022\/08\/IMG_7042-scaled.jpg\" width=\"284\" height=\"426\" align=\"left\" title=\"IMG_7042\" \/><\/a><\/div><\/div><div class=\"gallery-group images-1\" style=\"width: 288px; height: 430px;\"><div class=\"tiled-gallery-item tiled-gallery-item-full\"><a href=\"https:\/\/www.transpher.net\/site\/rock-celtique-prochain-festival-en-bretagne-le-30-juillet\/img_7179\/\"><img loading=\"lazy\" decoding=\"async\" data-attachment-id=\"3164\" data-orig-file=\"https:\/\/www.transpher.net\/site\/wp-content\/uploads\/2022\/08\/IMG_7179-scaled.jpg\" data-orig-size=\"1707,2560\" data-comments-opened=\"0\" data-image-meta=\"{&quot;aperture&quot;:&quot;4&quot;,&quot;credit&quot;:&quot;VANNOOTE DOMINIQUE&quot;,&quot;camera&quot;:&quot;Canon EOS 760D&quot;,&quot;caption&quot;:&quot;&quot;,&quot;created_timestamp&quot;:&quot;1659219175&quot;,&quot;copyright&quot;:&quot;Dominique Vannoote&quot;,&quot;focal_length&quot;:&quot;100&quot;,&quot;iso&quot;:&quot;6400&quot;,&quot;shutter_speed&quot;:&quot;0.003125&quot;,&quot;title&quot;:&quot;&quot;,&quot;orientation&quot;:&quot;1&quot;}\" data-image-title=\"IMG_7179\" data-image-description=\"\" data-medium-file=\"https:\/\/www.transpher.net\/site\/wp-content\/uploads\/2022\/08\/IMG_7179-300x450.jpg\" data-large-file=\"https:\/\/www.transpher.net\/site\/wp-content\/uploads\/2022\/08\/IMG_7179-scaled.jpg\" src=\"https:\/\/www.transpher.net\/site\/wp-content\/uploads\/2022\/08\/IMG_7179-scaled.jpg\" width=\"284\" height=\"426\" align=\"left\" title=\"IMG_7179\" \/><\/a><\/div><\/div><\/div><div class=\"gallery-row\" style=\"width: 915px; height: 394px;\"><div class=\"gallery-group images-2\" style=\"width: 321px; height: 398px;\"><div class=\"tiled-gallery-item tiled-gallery-item-full\"><a href=\"https:\/\/www.transpher.net\/site\/rock-celtique-prochain-festival-en-bretagne-le-30-juillet\/img_7204\/\"><img loading=\"lazy\" decoding=\"async\" data-attachment-id=\"3163\" data-orig-file=\"https:\/\/www.transpher.net\/site\/wp-content\/uploads\/2022\/08\/IMG_7204-scaled.jpg\" data-orig-size=\"2560,1442\" data-comments-opened=\"0\" data-image-meta=\"{&quot;aperture&quot;:&quot;4&quot;,&quot;credit&quot;:&quot;VANNOOTE DOMINIQUE&quot;,&quot;camera&quot;:&quot;Canon EOS 760D&quot;,&quot;caption&quot;:&quot;&quot;,&quot;created_timestamp&quot;:&quot;1659219578&quot;,&quot;copyright&quot;:&quot;Dominique Vannoote&quot;,&quot;focal_length&quot;:&quot;118&quot;,&quot;iso&quot;:&quot;6400&quot;,&quot;shutter_speed&quot;:&quot;0.00125&quot;,&quot;title&quot;:&quot;&quot;,&quot;orientation&quot;:&quot;1&quot;}\" data-image-title=\"IMG_7204\" data-image-description=\"\" data-medium-file=\"https:\/\/www.transpher.net\/site\/wp-content\/uploads\/2022\/08\/IMG_7204-300x169.jpg\" data-large-file=\"https:\/\/www.transpher.net\/site\/wp-content\/uploads\/2022\/08\/IMG_7204-600x338.jpg\" src=\"https:\/\/www.transpher.net\/site\/wp-content\/uploads\/2022\/08\/IMG_7204-scaled.jpg\" width=\"317\" height=\"179\" align=\"left\" title=\"IMG_7204\" \/><\/a><\/div><div class=\"tiled-gallery-item tiled-gallery-item-full\"><a href=\"https:\/\/www.transpher.net\/site\/rock-celtique-prochain-festival-en-bretagne-le-30-juillet\/img_5717\/\"><img loading=\"lazy\" decoding=\"async\" data-attachment-id=\"3166\" data-orig-file=\"https:\/\/www.transpher.net\/site\/wp-content\/uploads\/2022\/08\/IMG_5717-scaled.jpg\" data-orig-size=\"2560,1707\" data-comments-opened=\"0\" data-image-meta=\"{&quot;aperture&quot;:&quot;4&quot;,&quot;credit&quot;:&quot;&quot;,&quot;camera&quot;:&quot;Canon EOS 5D Mark II&quot;,&quot;caption&quot;:&quot;&quot;,&quot;created_timestamp&quot;:&quot;1659212815&quot;,&quot;copyright&quot;:&quot;&quot;,&quot;focal_length&quot;:&quot;55&quot;,&quot;iso&quot;:&quot;800&quot;,&quot;shutter_speed&quot;:&quot;0.01&quot;,&quot;title&quot;:&quot;&quot;,&quot;orientation&quot;:&quot;1&quot;}\" data-image-title=\"IMG_5717\" data-image-description=\"\" data-medium-file=\"https:\/\/www.transpher.net\/site\/wp-content\/uploads\/2022\/08\/IMG_5717-300x200.jpg\" data-large-file=\"https:\/\/www.transpher.net\/site\/wp-content\/uploads\/2022\/08\/IMG_5717-600x400.jpg\" src=\"https:\/\/www.transpher.net\/site\/wp-content\/uploads\/2022\/08\/IMG_5717-scaled.jpg\" width=\"317\" height=\"211\" align=\"left\" title=\"IMG_5717\" \/><\/a><\/div><\/div><div class=\"gallery-group images-1\" style=\"width: 594px; height: 398px;\"><div class=\"tiled-gallery-item tiled-gallery-item-full\"><a href=\"https:\/\/www.transpher.net\/site\/rock-celtique-prochain-festival-en-bretagne-le-30-juillet\/img_5879\/\"><img loading=\"lazy\" decoding=\"async\" data-attachment-id=\"3167\" data-orig-file=\"https:\/\/www.transpher.net\/site\/wp-content\/uploads\/2022\/08\/IMG_5879-scaled.jpg\" data-orig-size=\"2560,1707\" data-comments-opened=\"0\" data-image-meta=\"{&quot;aperture&quot;:&quot;4.5&quot;,&quot;credit&quot;:&quot;&quot;,&quot;camera&quot;:&quot;Canon EOS 5D Mark II&quot;,&quot;caption&quot;:&quot;&quot;,&quot;created_timestamp&quot;:&quot;1659216693&quot;,&quot;copyright&quot;:&quot;&quot;,&quot;focal_length&quot;:&quot;33&quot;,&quot;iso&quot;:&quot;3200&quot;,&quot;shutter_speed&quot;:&quot;0.01&quot;,&quot;title&quot;:&quot;&quot;,&quot;orientation&quot;:&quot;1&quot;}\" data-image-title=\"IMG_5879\" data-image-description=\"\" data-medium-file=\"https:\/\/www.transpher.net\/site\/wp-content\/uploads\/2022\/08\/IMG_5879-300x200.jpg\" data-large-file=\"https:\/\/www.transpher.net\/site\/wp-content\/uploads\/2022\/08\/IMG_5879-600x400.jpg\" src=\"https:\/\/www.transpher.net\/site\/wp-content\/uploads\/2022\/08\/IMG_5879-scaled.jpg\" width=\"590\" height=\"394\" align=\"left\" title=\"IMG_5879\" \/><\/a><\/div><\/div><\/div><\/div>\n\n\n<p><\/p>\n\n\n\n<p>Plus de 1300 personnes sont venues \u00e0 St Samson sur Rance et nous avons pris du plaisir sur sc\u00e8ne ! De belles rencontres avec Faygo et Monty Picon, un plateau vari\u00e9 et de belles \u00e9nergies. <\/p>\n\n\n\n<p>Photos sign\u00e9es <strong>Dominique Vannoote<\/strong><\/p>\n","protected":false},"excerpt":{"rendered":"<p>Le 30 Juillet dans les C\u00f4tes d&rsquo;Armor, \u00e0 St Samson sur Rance, avec 3 groupes \u00e0 l&rsquo;affiche pour seulement 5 euros ! Nous aurons le plaisir de jouer \u00e0 21h00<\/p>\n<p class=\"more-link\"><a href=\"https:\/\/www.transpher.net\/site\/rock-celtique-prochain-festival-en-bretagne-le-30-juillet\/\" class=\"readmore\">Continuer la lecture<span class=\"screen-reader-text\">Prochain festival en BRETAGNE<\/span><\/a><\/p>\n","protected":false},"author":2,"featured_media":0,"comment_status":"closed","ping_status":"open","sticky":false,"template":"","format":"standard","meta":{"ngg_post_thumbnail":0,"footnotes":""},"categories":[6],"tags":[16,15,21,14],"class_list":["post-3138","post","type-post","status-publish","format-standard","hentry","category-news-rock-celtique","tag-concert-rock-celtique","tag-musique-celtique-festive-rock-celtique","tag-rock-celtique","tag-transpher-rock-celtique"],"yoast_head":"<!-- This site is optimized with the Yoast SEO plugin v27.5 - https:\/\/yoast.com\/product\/yoast-seo-wordpress\/ -->\n<title>rock celtique - Prochain festival en BRETAGNE<\/title>\n<meta name=\"description\" content=\"Concerts de Transpher au festival rock celtique festi rance, du rock celtique, festif et \u00e9nergique! Celtic Rock\" \/>\n<meta name=\"robots\" content=\"index, follow, max-snippet:-1, max-image-preview:large, max-video-preview:-1\" \/>\n<link rel=\"canonical\" href=\"https:\/\/www.transpher.net\/site\/rock-celtique-prochain-festival-en-bretagne-le-30-juillet\/\" \/>\n<meta property=\"og:locale\" content=\"fr_FR\" \/>\n<meta property=\"og:type\" content=\"article\" \/>\n<meta property=\"og:title\" content=\"rock celtique - Prochain festival en BRETAGNE\" \/>\n<meta property=\"og:description\" content=\"Concerts de Transpher au festival rock celtique festi rance, du rock celtique, festif et \u00e9nergique! Celtic Rock\" \/>\n<meta property=\"og:url\" content=\"https:\/\/www.transpher.net\/site\/rock-celtique-prochain-festival-en-bretagne-le-30-juillet\/\" \/>\n<meta property=\"article:publisher\" content=\"https:\/\/www.facebook.com\/TRANSPHERrockceltique\" \/>\n<meta property=\"article:published_time\" content=\"2022-07-23T11:15:59+00:00\" \/>\n<meta property=\"article:modified_time\" content=\"2023-04-20T19:34:56+00:00\" \/>\n<meta property=\"og:image\" content=\"https:\/\/www.transpher.net\/site\/wp-content\/uploads\/2022\/08\/HM-scaled.jpg\" \/>\n<meta name=\"author\" content=\"Jean-Marc Houdayer\" \/>\n<meta name=\"twitter:card\" content=\"summary_large_image\" \/>\n<meta name=\"twitter:label1\" content=\"\u00c9crit par\" \/>\n\t<meta name=\"twitter:data1\" content=\"Jean-Marc Houdayer\" \/>\n\t<meta name=\"twitter:label2\" content=\"Dur\u00e9e de lecture estim\u00e9e\" \/>\n\t<meta name=\"twitter:data2\" content=\"1 minute\" \/>\n<script type=\"application\/ld+json\" class=\"yoast-schema-graph\">{\"@context\":\"https:\\\/\\\/schema.org\",\"@graph\":[{\"@type\":\"Article\",\"@id\":\"https:\\\/\\\/www.transpher.net\\\/site\\\/rock-celtique-prochain-festival-en-bretagne-le-30-juillet\\\/#article\",\"isPartOf\":{\"@id\":\"https:\\\/\\\/www.transpher.net\\\/site\\\/rock-celtique-prochain-festival-en-bretagne-le-30-juillet\\\/\"},\"author\":{\"name\":\"Jean-Marc Houdayer\",\"@id\":\"https:\\\/\\\/www.transpher.net\\\/site\\\/#\\\/schema\\\/person\\\/b68f3b23c001ef36184905b049abfed9\"},\"headline\":\"Prochain festival en BRETAGNE\",\"datePublished\":\"2022-07-23T11:15:59+00:00\",\"dateModified\":\"2023-04-20T19:34:56+00:00\",\"mainEntityOfPage\":{\"@id\":\"https:\\\/\\\/www.transpher.net\\\/site\\\/rock-celtique-prochain-festival-en-bretagne-le-30-juillet\\\/\"},\"wordCount\":80,\"publisher\":{\"@id\":\"https:\\\/\\\/www.transpher.net\\\/site\\\/#organization\"},\"image\":{\"@id\":\"https:\\\/\\\/www.transpher.net\\\/site\\\/rock-celtique-prochain-festival-en-bretagne-le-30-juillet\\\/#primaryimage\"},\"thumbnailUrl\":\"http:\\\/\\\/www.transpher.net\\\/site\\\/wp-content\\\/uploads\\\/2022\\\/07\\\/festi-rance-30-juillet-2022-1024x768-300dpi-600x450.jpg\",\"keywords\":[\"concert\",\"musique celtique festive\",\"Rock celtique\",\"Transpher\"],\"articleSection\":[\"news\"],\"inLanguage\":\"fr-FR\"},{\"@type\":\"WebPage\",\"@id\":\"https:\\\/\\\/www.transpher.net\\\/site\\\/rock-celtique-prochain-festival-en-bretagne-le-30-juillet\\\/\",\"url\":\"https:\\\/\\\/www.transpher.net\\\/site\\\/rock-celtique-prochain-festival-en-bretagne-le-30-juillet\\\/\",\"name\":\"rock celtique - Prochain festival en BRETAGNE\",\"isPartOf\":{\"@id\":\"https:\\\/\\\/www.transpher.net\\\/site\\\/#website\"},\"primaryImageOfPage\":{\"@id\":\"https:\\\/\\\/www.transpher.net\\\/site\\\/rock-celtique-prochain-festival-en-bretagne-le-30-juillet\\\/#primaryimage\"},\"image\":{\"@id\":\"https:\\\/\\\/www.transpher.net\\\/site\\\/rock-celtique-prochain-festival-en-bretagne-le-30-juillet\\\/#primaryimage\"},\"thumbnailUrl\":\"http:\\\/\\\/www.transpher.net\\\/site\\\/wp-content\\\/uploads\\\/2022\\\/07\\\/festi-rance-30-juillet-2022-1024x768-300dpi-600x450.jpg\",\"datePublished\":\"2022-07-23T11:15:59+00:00\",\"dateModified\":\"2023-04-20T19:34:56+00:00\",\"description\":\"Concerts de Transpher au festival rock celtique festi rance, du rock celtique, festif et \u00e9nergique! Celtic Rock\",\"breadcrumb\":{\"@id\":\"https:\\\/\\\/www.transpher.net\\\/site\\\/rock-celtique-prochain-festival-en-bretagne-le-30-juillet\\\/#breadcrumb\"},\"inLanguage\":\"fr-FR\",\"potentialAction\":[{\"@type\":\"ReadAction\",\"target\":[\"https:\\\/\\\/www.transpher.net\\\/site\\\/rock-celtique-prochain-festival-en-bretagne-le-30-juillet\\\/\"]}]},{\"@type\":\"ImageObject\",\"inLanguage\":\"fr-FR\",\"@id\":\"https:\\\/\\\/www.transpher.net\\\/site\\\/rock-celtique-prochain-festival-en-bretagne-le-30-juillet\\\/#primaryimage\",\"url\":\"https:\\\/\\\/www.transpher.net\\\/site\\\/wp-content\\\/uploads\\\/2022\\\/07\\\/festi-rance-30-juillet-2022-1024x768-300dpi.jpg\",\"contentUrl\":\"https:\\\/\\\/www.transpher.net\\\/site\\\/wp-content\\\/uploads\\\/2022\\\/07\\\/festi-rance-30-juillet-2022-1024x768-300dpi.jpg\",\"width\":1024,\"height\":768},{\"@type\":\"BreadcrumbList\",\"@id\":\"https:\\\/\\\/www.transpher.net\\\/site\\\/rock-celtique-prochain-festival-en-bretagne-le-30-juillet\\\/#breadcrumb\",\"itemListElement\":[{\"@type\":\"ListItem\",\"position\":1,\"name\":\"Accueil\",\"item\":\"https:\\\/\\\/www.transpher.net\\\/site\\\/\"},{\"@type\":\"ListItem\",\"position\":2,\"name\":\"Prochain festival en BRETAGNE\"}]},{\"@type\":\"WebSite\",\"@id\":\"https:\\\/\\\/www.transpher.net\\\/site\\\/#website\",\"url\":\"https:\\\/\\\/www.transpher.net\\\/site\\\/\",\"name\":\"\",\"description\":\"\",\"publisher\":{\"@id\":\"https:\\\/\\\/www.transpher.net\\\/site\\\/#organization\"},\"potentialAction\":[{\"@type\":\"SearchAction\",\"target\":{\"@type\":\"EntryPoint\",\"urlTemplate\":\"https:\\\/\\\/www.transpher.net\\\/site\\\/?s={search_term_string}\"},\"query-input\":{\"@type\":\"PropertyValueSpecification\",\"valueRequired\":true,\"valueName\":\"search_term_string\"}}],\"inLanguage\":\"fr-FR\"},{\"@type\":\"Organization\",\"@id\":\"https:\\\/\\\/www.transpher.net\\\/site\\\/#organization\",\"name\":\"TRANSPHER Rock Celtique\",\"url\":\"https:\\\/\\\/www.transpher.net\\\/site\\\/\",\"logo\":{\"@type\":\"ImageObject\",\"inLanguage\":\"fr-FR\",\"@id\":\"https:\\\/\\\/www.transpher.net\\\/site\\\/#\\\/schema\\\/logo\\\/image\\\/\",\"url\":\"https:\\\/\\\/www.transpher.net\\\/site\\\/wp-content\\\/uploads\\\/2021\\\/04\\\/hd2-scaled.jpg\",\"contentUrl\":\"https:\\\/\\\/www.transpher.net\\\/site\\\/wp-content\\\/uploads\\\/2021\\\/04\\\/hd2-scaled.jpg\",\"width\":2560,\"height\":1529,\"caption\":\"TRANSPHER Rock Celtique\"},\"image\":{\"@id\":\"https:\\\/\\\/www.transpher.net\\\/site\\\/#\\\/schema\\\/logo\\\/image\\\/\"},\"sameAs\":[\"https:\\\/\\\/www.facebook.com\\\/TRANSPHERrockceltique\",\"https:\\\/\\\/www.instagram.com\\\/transphermusic\\\/\"]},{\"@type\":\"Person\",\"@id\":\"https:\\\/\\\/www.transpher.net\\\/site\\\/#\\\/schema\\\/person\\\/b68f3b23c001ef36184905b049abfed9\",\"name\":\"Jean-Marc Houdayer\",\"image\":{\"@type\":\"ImageObject\",\"inLanguage\":\"fr-FR\",\"@id\":\"https:\\\/\\\/secure.gravatar.com\\\/avatar\\\/2284ee9b930a21f357ba4aef42d47d3a37d90a416ae010a3bff3d5e7f9fac006?s=96&d=mm&r=g\",\"url\":\"https:\\\/\\\/secure.gravatar.com\\\/avatar\\\/2284ee9b930a21f357ba4aef42d47d3a37d90a416ae010a3bff3d5e7f9fac006?s=96&d=mm&r=g\",\"contentUrl\":\"https:\\\/\\\/secure.gravatar.com\\\/avatar\\\/2284ee9b930a21f357ba4aef42d47d3a37d90a416ae010a3bff3d5e7f9fac006?s=96&d=mm&r=g\",\"caption\":\"Jean-Marc Houdayer\"},\"url\":\"https:\\\/\\\/www.transpher.net\\\/site\\\/author\\\/jm\\\/\"}]}<\/script>\n<!-- \/ Yoast SEO plugin. -->","yoast_head_json":{"title":"rock celtique - Prochain festival en BRETAGNE","description":"Concerts de Transpher au festival rock celtique festi rance, du rock celtique, festif et \u00e9nergique! Celtic Rock","robots":{"index":"index","follow":"follow","max-snippet":"max-snippet:-1","max-image-preview":"max-image-preview:large","max-video-preview":"max-video-preview:-1"},"canonical":"https:\/\/www.transpher.net\/site\/rock-celtique-prochain-festival-en-bretagne-le-30-juillet\/","og_locale":"fr_FR","og_type":"article","og_title":"rock celtique - Prochain festival en BRETAGNE","og_description":"Concerts de Transpher au festival rock celtique festi rance, du rock celtique, festif et \u00e9nergique! Celtic Rock","og_url":"https:\/\/www.transpher.net\/site\/rock-celtique-prochain-festival-en-bretagne-le-30-juillet\/","article_publisher":"https:\/\/www.facebook.com\/TRANSPHERrockceltique","article_published_time":"2022-07-23T11:15:59+00:00","article_modified_time":"2023-04-20T19:34:56+00:00","og_image":[{"url":"https:\/\/www.transpher.net\/site\/wp-content\/uploads\/2022\/08\/HM-scaled.jpg","type":"","width":"","height":""}],"author":"Jean-Marc Houdayer","twitter_card":"summary_large_image","twitter_misc":{"\u00c9crit par":"Jean-Marc Houdayer","Dur\u00e9e de lecture estim\u00e9e":"1 minute"},"schema":{"@context":"https:\/\/schema.org","@graph":[{"@type":"Article","@id":"https:\/\/www.transpher.net\/site\/rock-celtique-prochain-festival-en-bretagne-le-30-juillet\/#article","isPartOf":{"@id":"https:\/\/www.transpher.net\/site\/rock-celtique-prochain-festival-en-bretagne-le-30-juillet\/"},"author":{"name":"Jean-Marc Houdayer","@id":"https:\/\/www.transpher.net\/site\/#\/schema\/person\/b68f3b23c001ef36184905b049abfed9"},"headline":"Prochain festival en BRETAGNE","datePublished":"2022-07-23T11:15:59+00:00","dateModified":"2023-04-20T19:34:56+00:00","mainEntityOfPage":{"@id":"https:\/\/www.transpher.net\/site\/rock-celtique-prochain-festival-en-bretagne-le-30-juillet\/"},"wordCount":80,"publisher":{"@id":"https:\/\/www.transpher.net\/site\/#organization"},"image":{"@id":"https:\/\/www.transpher.net\/site\/rock-celtique-prochain-festival-en-bretagne-le-30-juillet\/#primaryimage"},"thumbnailUrl":"http:\/\/www.transpher.net\/site\/wp-content\/uploads\/2022\/07\/festi-rance-30-juillet-2022-1024x768-300dpi-600x450.jpg","keywords":["concert","musique celtique festive","Rock celtique","Transpher"],"articleSection":["news"],"inLanguage":"fr-FR"},{"@type":"WebPage","@id":"https:\/\/www.transpher.net\/site\/rock-celtique-prochain-festival-en-bretagne-le-30-juillet\/","url":"https:\/\/www.transpher.net\/site\/rock-celtique-prochain-festival-en-bretagne-le-30-juillet\/","name":"rock celtique - Prochain festival en BRETAGNE","isPartOf":{"@id":"https:\/\/www.transpher.net\/site\/#website"},"primaryImageOfPage":{"@id":"https:\/\/www.transpher.net\/site\/rock-celtique-prochain-festival-en-bretagne-le-30-juillet\/#primaryimage"},"image":{"@id":"https:\/\/www.transpher.net\/site\/rock-celtique-prochain-festival-en-bretagne-le-30-juillet\/#primaryimage"},"thumbnailUrl":"http:\/\/www.transpher.net\/site\/wp-content\/uploads\/2022\/07\/festi-rance-30-juillet-2022-1024x768-300dpi-600x450.jpg","datePublished":"2022-07-23T11:15:59+00:00","dateModified":"2023-04-20T19:34:56+00:00","description":"Concerts de Transpher au festival rock celtique festi rance, du rock celtique, festif et \u00e9nergique! Celtic Rock","breadcrumb":{"@id":"https:\/\/www.transpher.net\/site\/rock-celtique-prochain-festival-en-bretagne-le-30-juillet\/#breadcrumb"},"inLanguage":"fr-FR","potentialAction":[{"@type":"ReadAction","target":["https:\/\/www.transpher.net\/site\/rock-celtique-prochain-festival-en-bretagne-le-30-juillet\/"]}]},{"@type":"ImageObject","inLanguage":"fr-FR","@id":"https:\/\/www.transpher.net\/site\/rock-celtique-prochain-festival-en-bretagne-le-30-juillet\/#primaryimage","url":"https:\/\/www.transpher.net\/site\/wp-content\/uploads\/2022\/07\/festi-rance-30-juillet-2022-1024x768-300dpi.jpg","contentUrl":"https:\/\/www.transpher.net\/site\/wp-content\/uploads\/2022\/07\/festi-rance-30-juillet-2022-1024x768-300dpi.jpg","width":1024,"height":768},{"@type":"BreadcrumbList","@id":"https:\/\/www.transpher.net\/site\/rock-celtique-prochain-festival-en-bretagne-le-30-juillet\/#breadcrumb","itemListElement":[{"@type":"ListItem","position":1,"name":"Accueil","item":"https:\/\/www.transpher.net\/site\/"},{"@type":"ListItem","position":2,"name":"Prochain festival en BRETAGNE"}]},{"@type":"WebSite","@id":"https:\/\/www.transpher.net\/site\/#website","url":"https:\/\/www.transpher.net\/site\/","name":"","description":"","publisher":{"@id":"https:\/\/www.transpher.net\/site\/#organization"},"potentialAction":[{"@type":"SearchAction","target":{"@type":"EntryPoint","urlTemplate":"https:\/\/www.transpher.net\/site\/?s={search_term_string}"},"query-input":{"@type":"PropertyValueSpecification","valueRequired":true,"valueName":"search_term_string"}}],"inLanguage":"fr-FR"},{"@type":"Organization","@id":"https:\/\/www.transpher.net\/site\/#organization","name":"TRANSPHER Rock Celtique","url":"https:\/\/www.transpher.net\/site\/","logo":{"@type":"ImageObject","inLanguage":"fr-FR","@id":"https:\/\/www.transpher.net\/site\/#\/schema\/logo\/image\/","url":"https:\/\/www.transpher.net\/site\/wp-content\/uploads\/2021\/04\/hd2-scaled.jpg","contentUrl":"https:\/\/www.transpher.net\/site\/wp-content\/uploads\/2021\/04\/hd2-scaled.jpg","width":2560,"height":1529,"caption":"TRANSPHER Rock Celtique"},"image":{"@id":"https:\/\/www.transpher.net\/site\/#\/schema\/logo\/image\/"},"sameAs":["https:\/\/www.facebook.com\/TRANSPHERrockceltique","https:\/\/www.instagram.com\/transphermusic\/"]},{"@type":"Person","@id":"https:\/\/www.transpher.net\/site\/#\/schema\/person\/b68f3b23c001ef36184905b049abfed9","name":"Jean-Marc Houdayer","image":{"@type":"ImageObject","inLanguage":"fr-FR","@id":"https:\/\/secure.gravatar.com\/avatar\/2284ee9b930a21f357ba4aef42d47d3a37d90a416ae010a3bff3d5e7f9fac006?s=96&d=mm&r=g","url":"https:\/\/secure.gravatar.com\/avatar\/2284ee9b930a21f357ba4aef42d47d3a37d90a416ae010a3bff3d5e7f9fac006?s=96&d=mm&r=g","contentUrl":"https:\/\/secure.gravatar.com\/avatar\/2284ee9b930a21f357ba4aef42d47d3a37d90a416ae010a3bff3d5e7f9fac006?s=96&d=mm&r=g","caption":"Jean-Marc Houdayer"},"url":"https:\/\/www.transpher.net\/site\/author\/jm\/"}]}},"_links":{"self":[{"href":"https:\/\/www.transpher.net\/site\/wp-json\/wp\/v2\/posts\/3138","targetHints":{"allow":["GET"]}}],"collection":[{"href":"https:\/\/www.transpher.net\/site\/wp-json\/wp\/v2\/posts"}],"about":[{"href":"https:\/\/www.transpher.net\/site\/wp-json\/wp\/v2\/types\/post"}],"author":[{"embeddable":true,"href":"https:\/\/www.transpher.net\/site\/wp-json\/wp\/v2\/users\/2"}],"replies":[{"embeddable":true,"href":"https:\/\/www.transpher.net\/site\/wp-json\/wp\/v2\/comments?post=3138"}],"version-history":[{"count":0,"href":"https:\/\/www.transpher.net\/site\/wp-json\/wp\/v2\/posts\/3138\/revisions"}],"wp:attachment":[{"href":"https:\/\/www.transpher.net\/site\/wp-json\/wp\/v2\/media?parent=3138"}],"wp:term":[{"taxonomy":"category","embeddable":true,"href":"https:\/\/www.transpher.net\/site\/wp-json\/wp\/v2\/categories?post=3138"},{"taxonomy":"post_tag","embeddable":true,"href":"https:\/\/www.transpher.net\/site\/wp-json\/wp\/v2\/tags?post=3138"}],"curies":[{"name":"wp","href":"https:\/\/api.w.org\/{rel}","templated":true}]}}