{"id":3372,"date":"2023-02-15T16:15:10","date_gmt":"2023-02-15T15:15:10","guid":{"rendered":"https:\/\/www.transpher.net\/site\/?p=3372"},"modified":"2023-04-17T09:54:14","modified_gmt":"2023-04-17T07:54:14","slug":"de-retour-dans-le-loiret-le-7-octobre","status":"publish","type":"post","link":"https:\/\/www.transpher.net\/site\/de-retour-dans-le-loiret-le-7-octobre\/","title":{"rendered":"De retour dans le Loiret le 7 octobre"},"content":{"rendered":"\n<p>Bonne nouvelle, nous serons ravis de retrouver toutes celles et ceux qui nous ont rejoints r\u00e9cemment, lors nos concerts dans le Loiret, avec une date \u00e0 Montargis le samedi 7 octobre. Et d&rsquo;ici l\u00e0 on esp\u00e8re qu&rsquo;un nouvel album sera pr\u00eat ! Les RESERVATIONS sont en ligne: <a href=\"https:\/\/www.helloasso.com\/associations\/association-mille-et-une-fetes\/evenements\/transpher\" target=\"_blank\" rel=\"noreferrer noopener\">https:\/\/www.helloasso.com\/associations\/association-mille-et-une-fetes\/evenements\/transpher<\/a><\/p>\n\n\n\n<figure class=\"wp-block-image size-large is-resized\"><img loading=\"lazy\" decoding=\"async\" src=\"https:\/\/www.transpher.net\/site\/wp-content\/uploads\/2023\/02\/Affiche-Transpher-OK-1-600x849.png\" alt=\"\" class=\"wp-image-3374\" width=\"553\" height=\"783\" srcset=\"https:\/\/www.transpher.net\/site\/wp-content\/uploads\/2023\/02\/Affiche-Transpher-OK-1-600x849.png 600w, https:\/\/www.transpher.net\/site\/wp-content\/uploads\/2023\/02\/Affiche-Transpher-OK-1-300x424.png 300w, https:\/\/www.transpher.net\/site\/wp-content\/uploads\/2023\/02\/Affiche-Transpher-OK-1-768x1086.png 768w, https:\/\/www.transpher.net\/site\/wp-content\/uploads\/2023\/02\/Affiche-Transpher-OK-1-125x177.png 125w, https:\/\/www.transpher.net\/site\/wp-content\/uploads\/2023\/02\/Affiche-Transpher-OK-1.png 794w\" sizes=\"auto, (max-width: 553px) 100vw, 553px\" \/><\/figure>\n\n\n\n<figure class=\"wp-block-image size-large\"><img loading=\"lazy\" decoding=\"async\" width=\"600\" height=\"424\" src=\"https:\/\/www.transpher.net\/site\/wp-content\/uploads\/2023\/02\/10562926_718092214931059_4341185116336377519_n-600x424.jpg\" alt=\"\" class=\"wp-image-3375\" srcset=\"https:\/\/www.transpher.net\/site\/wp-content\/uploads\/2023\/02\/10562926_718092214931059_4341185116336377519_n-600x424.jpg 600w, https:\/\/www.transpher.net\/site\/wp-content\/uploads\/2023\/02\/10562926_718092214931059_4341185116336377519_n-300x212.jpg 300w, https:\/\/www.transpher.net\/site\/wp-content\/uploads\/2023\/02\/10562926_718092214931059_4341185116336377519_n-768x543.jpg 768w, https:\/\/www.transpher.net\/site\/wp-content\/uploads\/2023\/02\/10562926_718092214931059_4341185116336377519_n-125x88.jpg 125w, https:\/\/www.transpher.net\/site\/wp-content\/uploads\/2023\/02\/10562926_718092214931059_4341185116336377519_n.jpg 877w\" sizes=\"auto, (max-width: 600px) 100vw, 600px\" \/><\/figure>\n","protected":false},"excerpt":{"rendered":"<p>Bonne nouvelle, nous serons ravis de retrouver toutes celles et ceux qui nous ont rejoints r\u00e9cemment, lors nos concerts dans le Loiret, avec une date \u00e0 Montargis le samedi 7<\/p>\n<p class=\"more-link\"><a href=\"https:\/\/www.transpher.net\/site\/de-retour-dans-le-loiret-le-7-octobre\/\" class=\"readmore\">Continuer la lecture<span class=\"screen-reader-text\">De retour dans le Loiret le 7 octobre<\/span><\/a><\/p>\n","protected":false},"author":2,"featured_media":0,"comment_status":"closed","ping_status":"open","sticky":false,"template":"","format":"standard","meta":{"ngg_post_thumbnail":0,"footnotes":""},"categories":[6],"tags":[16,15,21,14],"class_list":["post-3372","post","type-post","status-publish","format-standard","hentry","category-news-rock-celtique","tag-concert-rock-celtique","tag-musique-celtique-festive-rock-celtique","tag-rock-celtique","tag-transpher-rock-celtique"],"yoast_head":"<!-- This site is optimized with the Yoast SEO plugin v27.5 - https:\/\/yoast.com\/product\/yoast-seo-wordpress\/ -->\n<title>De retour dans le Loiret le 7 octobre -<\/title>\n<meta name=\"robots\" content=\"index, follow, max-snippet:-1, max-image-preview:large, max-video-preview:-1\" \/>\n<link rel=\"canonical\" href=\"https:\/\/www.transpher.net\/site\/de-retour-dans-le-loiret-le-7-octobre\/\" \/>\n<meta property=\"og:locale\" content=\"fr_FR\" \/>\n<meta property=\"og:type\" content=\"article\" \/>\n<meta property=\"og:title\" content=\"De retour dans le Loiret le 7 octobre -\" \/>\n<meta property=\"og:description\" content=\"Bonne nouvelle, nous serons ravis de retrouver toutes celles et ceux qui nous ont rejoints r\u00e9cemment, lors nos concerts dans le Loiret, avec une date \u00e0 Montargis le samedi 7Continuer la lectureDe retour dans le Loiret le 7 octobre\" \/>\n<meta property=\"og:url\" content=\"https:\/\/www.transpher.net\/site\/de-retour-dans-le-loiret-le-7-octobre\/\" \/>\n<meta property=\"article:publisher\" content=\"https:\/\/www.facebook.com\/TRANSPHERrockceltique\" \/>\n<meta property=\"article:published_time\" content=\"2023-02-15T15:15:10+00:00\" \/>\n<meta property=\"article:modified_time\" content=\"2023-04-17T07:54:14+00:00\" \/>\n<meta property=\"og:image\" content=\"https:\/\/www.transpher.net\/site\/wp-content\/uploads\/2023\/02\/Affiche-Transpher-OK-1-600x849.png\" \/>\n<meta name=\"author\" content=\"Jean-Marc Houdayer\" \/>\n<meta name=\"twitter:card\" content=\"summary_large_image\" \/>\n<meta name=\"twitter:label1\" content=\"\u00c9crit par\" \/>\n\t<meta name=\"twitter:data1\" content=\"Jean-Marc Houdayer\" \/>\n\t<meta name=\"twitter:label2\" content=\"Dur\u00e9e de lecture estim\u00e9e\" \/>\n\t<meta name=\"twitter:data2\" content=\"1 minute\" \/>\n<script type=\"application\/ld+json\" class=\"yoast-schema-graph\">{\"@context\":\"https:\\\/\\\/schema.org\",\"@graph\":[{\"@type\":\"Article\",\"@id\":\"https:\\\/\\\/www.transpher.net\\\/site\\\/de-retour-dans-le-loiret-le-7-octobre\\\/#article\",\"isPartOf\":{\"@id\":\"https:\\\/\\\/www.transpher.net\\\/site\\\/de-retour-dans-le-loiret-le-7-octobre\\\/\"},\"author\":{\"name\":\"Jean-Marc Houdayer\",\"@id\":\"https:\\\/\\\/www.transpher.net\\\/site\\\/#\\\/schema\\\/person\\\/b68f3b23c001ef36184905b049abfed9\"},\"headline\":\"De retour dans le Loiret le 7 octobre\",\"datePublished\":\"2023-02-15T15:15:10+00:00\",\"dateModified\":\"2023-04-17T07:54:14+00:00\",\"mainEntityOfPage\":{\"@id\":\"https:\\\/\\\/www.transpher.net\\\/site\\\/de-retour-dans-le-loiret-le-7-octobre\\\/\"},\"wordCount\":62,\"publisher\":{\"@id\":\"https:\\\/\\\/www.transpher.net\\\/site\\\/#organization\"},\"image\":{\"@id\":\"https:\\\/\\\/www.transpher.net\\\/site\\\/de-retour-dans-le-loiret-le-7-octobre\\\/#primaryimage\"},\"thumbnailUrl\":\"https:\\\/\\\/www.transpher.net\\\/site\\\/wp-content\\\/uploads\\\/2023\\\/02\\\/Affiche-Transpher-OK-1-600x849.png\",\"keywords\":[\"concert\",\"musique celtique festive\",\"Rock celtique\",\"Transpher\"],\"articleSection\":[\"news\"],\"inLanguage\":\"fr-FR\"},{\"@type\":\"WebPage\",\"@id\":\"https:\\\/\\\/www.transpher.net\\\/site\\\/de-retour-dans-le-loiret-le-7-octobre\\\/\",\"url\":\"https:\\\/\\\/www.transpher.net\\\/site\\\/de-retour-dans-le-loiret-le-7-octobre\\\/\",\"name\":\"De retour dans le Loiret le 7 octobre -\",\"isPartOf\":{\"@id\":\"https:\\\/\\\/www.transpher.net\\\/site\\\/#website\"},\"primaryImageOfPage\":{\"@id\":\"https:\\\/\\\/www.transpher.net\\\/site\\\/de-retour-dans-le-loiret-le-7-octobre\\\/#primaryimage\"},\"image\":{\"@id\":\"https:\\\/\\\/www.transpher.net\\\/site\\\/de-retour-dans-le-loiret-le-7-octobre\\\/#primaryimage\"},\"thumbnailUrl\":\"https:\\\/\\\/www.transpher.net\\\/site\\\/wp-content\\\/uploads\\\/2023\\\/02\\\/Affiche-Transpher-OK-1-600x849.png\",\"datePublished\":\"2023-02-15T15:15:10+00:00\",\"dateModified\":\"2023-04-17T07:54:14+00:00\",\"breadcrumb\":{\"@id\":\"https:\\\/\\\/www.transpher.net\\\/site\\\/de-retour-dans-le-loiret-le-7-octobre\\\/#breadcrumb\"},\"inLanguage\":\"fr-FR\",\"potentialAction\":[{\"@type\":\"ReadAction\",\"target\":[\"https:\\\/\\\/www.transpher.net\\\/site\\\/de-retour-dans-le-loiret-le-7-octobre\\\/\"]}]},{\"@type\":\"ImageObject\",\"inLanguage\":\"fr-FR\",\"@id\":\"https:\\\/\\\/www.transpher.net\\\/site\\\/de-retour-dans-le-loiret-le-7-octobre\\\/#primaryimage\",\"url\":\"https:\\\/\\\/www.transpher.net\\\/site\\\/wp-content\\\/uploads\\\/2023\\\/02\\\/Affiche-Transpher-OK-1.png\",\"contentUrl\":\"https:\\\/\\\/www.transpher.net\\\/site\\\/wp-content\\\/uploads\\\/2023\\\/02\\\/Affiche-Transpher-OK-1.png\",\"width\":794,\"height\":1123},{\"@type\":\"BreadcrumbList\",\"@id\":\"https:\\\/\\\/www.transpher.net\\\/site\\\/de-retour-dans-le-loiret-le-7-octobre\\\/#breadcrumb\",\"itemListElement\":[{\"@type\":\"ListItem\",\"position\":1,\"name\":\"Accueil\",\"item\":\"https:\\\/\\\/www.transpher.net\\\/site\\\/\"},{\"@type\":\"ListItem\",\"position\":2,\"name\":\"De retour dans le Loiret le 7 octobre\"}]},{\"@type\":\"WebSite\",\"@id\":\"https:\\\/\\\/www.transpher.net\\\/site\\\/#website\",\"url\":\"https:\\\/\\\/www.transpher.net\\\/site\\\/\",\"name\":\"\",\"description\":\"\",\"publisher\":{\"@id\":\"https:\\\/\\\/www.transpher.net\\\/site\\\/#organization\"},\"potentialAction\":[{\"@type\":\"SearchAction\",\"target\":{\"@type\":\"EntryPoint\",\"urlTemplate\":\"https:\\\/\\\/www.transpher.net\\\/site\\\/?s={search_term_string}\"},\"query-input\":{\"@type\":\"PropertyValueSpecification\",\"valueRequired\":true,\"valueName\":\"search_term_string\"}}],\"inLanguage\":\"fr-FR\"},{\"@type\":\"Organization\",\"@id\":\"https:\\\/\\\/www.transpher.net\\\/site\\\/#organization\",\"name\":\"TRANSPHER Rock Celtique\",\"url\":\"https:\\\/\\\/www.transpher.net\\\/site\\\/\",\"logo\":{\"@type\":\"ImageObject\",\"inLanguage\":\"fr-FR\",\"@id\":\"https:\\\/\\\/www.transpher.net\\\/site\\\/#\\\/schema\\\/logo\\\/image\\\/\",\"url\":\"https:\\\/\\\/www.transpher.net\\\/site\\\/wp-content\\\/uploads\\\/2021\\\/04\\\/hd2-scaled.jpg\",\"contentUrl\":\"https:\\\/\\\/www.transpher.net\\\/site\\\/wp-content\\\/uploads\\\/2021\\\/04\\\/hd2-scaled.jpg\",\"width\":2560,\"height\":1529,\"caption\":\"TRANSPHER Rock Celtique\"},\"image\":{\"@id\":\"https:\\\/\\\/www.transpher.net\\\/site\\\/#\\\/schema\\\/logo\\\/image\\\/\"},\"sameAs\":[\"https:\\\/\\\/www.facebook.com\\\/TRANSPHERrockceltique\",\"https:\\\/\\\/www.instagram.com\\\/transphermusic\\\/\"]},{\"@type\":\"Person\",\"@id\":\"https:\\\/\\\/www.transpher.net\\\/site\\\/#\\\/schema\\\/person\\\/b68f3b23c001ef36184905b049abfed9\",\"name\":\"Jean-Marc Houdayer\",\"image\":{\"@type\":\"ImageObject\",\"inLanguage\":\"fr-FR\",\"@id\":\"https:\\\/\\\/secure.gravatar.com\\\/avatar\\\/2284ee9b930a21f357ba4aef42d47d3a37d90a416ae010a3bff3d5e7f9fac006?s=96&d=mm&r=g\",\"url\":\"https:\\\/\\\/secure.gravatar.com\\\/avatar\\\/2284ee9b930a21f357ba4aef42d47d3a37d90a416ae010a3bff3d5e7f9fac006?s=96&d=mm&r=g\",\"contentUrl\":\"https:\\\/\\\/secure.gravatar.com\\\/avatar\\\/2284ee9b930a21f357ba4aef42d47d3a37d90a416ae010a3bff3d5e7f9fac006?s=96&d=mm&r=g\",\"caption\":\"Jean-Marc Houdayer\"},\"url\":\"https:\\\/\\\/www.transpher.net\\\/site\\\/author\\\/jm\\\/\"}]}<\/script>\n<!-- \/ Yoast SEO plugin. -->","yoast_head_json":{"title":"De retour dans le Loiret le 7 octobre -","robots":{"index":"index","follow":"follow","max-snippet":"max-snippet:-1","max-image-preview":"max-image-preview:large","max-video-preview":"max-video-preview:-1"},"canonical":"https:\/\/www.transpher.net\/site\/de-retour-dans-le-loiret-le-7-octobre\/","og_locale":"fr_FR","og_type":"article","og_title":"De retour dans le Loiret le 7 octobre -","og_description":"Bonne nouvelle, nous serons ravis de retrouver toutes celles et ceux qui nous ont rejoints r\u00e9cemment, lors nos concerts dans le Loiret, avec une date \u00e0 Montargis le samedi 7Continuer la lectureDe retour dans le Loiret le 7 octobre","og_url":"https:\/\/www.transpher.net\/site\/de-retour-dans-le-loiret-le-7-octobre\/","article_publisher":"https:\/\/www.facebook.com\/TRANSPHERrockceltique","article_published_time":"2023-02-15T15:15:10+00:00","article_modified_time":"2023-04-17T07:54:14+00:00","og_image":[{"url":"https:\/\/www.transpher.net\/site\/wp-content\/uploads\/2023\/02\/Affiche-Transpher-OK-1-600x849.png","type":"","width":"","height":""}],"author":"Jean-Marc Houdayer","twitter_card":"summary_large_image","twitter_misc":{"\u00c9crit par":"Jean-Marc Houdayer","Dur\u00e9e de lecture estim\u00e9e":"1 minute"},"schema":{"@context":"https:\/\/schema.org","@graph":[{"@type":"Article","@id":"https:\/\/www.transpher.net\/site\/de-retour-dans-le-loiret-le-7-octobre\/#article","isPartOf":{"@id":"https:\/\/www.transpher.net\/site\/de-retour-dans-le-loiret-le-7-octobre\/"},"author":{"name":"Jean-Marc Houdayer","@id":"https:\/\/www.transpher.net\/site\/#\/schema\/person\/b68f3b23c001ef36184905b049abfed9"},"headline":"De retour dans le Loiret le 7 octobre","datePublished":"2023-02-15T15:15:10+00:00","dateModified":"2023-04-17T07:54:14+00:00","mainEntityOfPage":{"@id":"https:\/\/www.transpher.net\/site\/de-retour-dans-le-loiret-le-7-octobre\/"},"wordCount":62,"publisher":{"@id":"https:\/\/www.transpher.net\/site\/#organization"},"image":{"@id":"https:\/\/www.transpher.net\/site\/de-retour-dans-le-loiret-le-7-octobre\/#primaryimage"},"thumbnailUrl":"https:\/\/www.transpher.net\/site\/wp-content\/uploads\/2023\/02\/Affiche-Transpher-OK-1-600x849.png","keywords":["concert","musique celtique festive","Rock celtique","Transpher"],"articleSection":["news"],"inLanguage":"fr-FR"},{"@type":"WebPage","@id":"https:\/\/www.transpher.net\/site\/de-retour-dans-le-loiret-le-7-octobre\/","url":"https:\/\/www.transpher.net\/site\/de-retour-dans-le-loiret-le-7-octobre\/","name":"De retour dans le Loiret le 7 octobre -","isPartOf":{"@id":"https:\/\/www.transpher.net\/site\/#website"},"primaryImageOfPage":{"@id":"https:\/\/www.transpher.net\/site\/de-retour-dans-le-loiret-le-7-octobre\/#primaryimage"},"image":{"@id":"https:\/\/www.transpher.net\/site\/de-retour-dans-le-loiret-le-7-octobre\/#primaryimage"},"thumbnailUrl":"https:\/\/www.transpher.net\/site\/wp-content\/uploads\/2023\/02\/Affiche-Transpher-OK-1-600x849.png","datePublished":"2023-02-15T15:15:10+00:00","dateModified":"2023-04-17T07:54:14+00:00","breadcrumb":{"@id":"https:\/\/www.transpher.net\/site\/de-retour-dans-le-loiret-le-7-octobre\/#breadcrumb"},"inLanguage":"fr-FR","potentialAction":[{"@type":"ReadAction","target":["https:\/\/www.transpher.net\/site\/de-retour-dans-le-loiret-le-7-octobre\/"]}]},{"@type":"ImageObject","inLanguage":"fr-FR","@id":"https:\/\/www.transpher.net\/site\/de-retour-dans-le-loiret-le-7-octobre\/#primaryimage","url":"https:\/\/www.transpher.net\/site\/wp-content\/uploads\/2023\/02\/Affiche-Transpher-OK-1.png","contentUrl":"https:\/\/www.transpher.net\/site\/wp-content\/uploads\/2023\/02\/Affiche-Transpher-OK-1.png","width":794,"height":1123},{"@type":"BreadcrumbList","@id":"https:\/\/www.transpher.net\/site\/de-retour-dans-le-loiret-le-7-octobre\/#breadcrumb","itemListElement":[{"@type":"ListItem","position":1,"name":"Accueil","item":"https:\/\/www.transpher.net\/site\/"},{"@type":"ListItem","position":2,"name":"De retour dans le Loiret le 7 octobre"}]},{"@type":"WebSite","@id":"https:\/\/www.transpher.net\/site\/#website","url":"https:\/\/www.transpher.net\/site\/","name":"","description":"","publisher":{"@id":"https:\/\/www.transpher.net\/site\/#organization"},"potentialAction":[{"@type":"SearchAction","target":{"@type":"EntryPoint","urlTemplate":"https:\/\/www.transpher.net\/site\/?s={search_term_string}"},"query-input":{"@type":"PropertyValueSpecification","valueRequired":true,"valueName":"search_term_string"}}],"inLanguage":"fr-FR"},{"@type":"Organization","@id":"https:\/\/www.transpher.net\/site\/#organization","name":"TRANSPHER Rock Celtique","url":"https:\/\/www.transpher.net\/site\/","logo":{"@type":"ImageObject","inLanguage":"fr-FR","@id":"https:\/\/www.transpher.net\/site\/#\/schema\/logo\/image\/","url":"https:\/\/www.transpher.net\/site\/wp-content\/uploads\/2021\/04\/hd2-scaled.jpg","contentUrl":"https:\/\/www.transpher.net\/site\/wp-content\/uploads\/2021\/04\/hd2-scaled.jpg","width":2560,"height":1529,"caption":"TRANSPHER Rock Celtique"},"image":{"@id":"https:\/\/www.transpher.net\/site\/#\/schema\/logo\/image\/"},"sameAs":["https:\/\/www.facebook.com\/TRANSPHERrockceltique","https:\/\/www.instagram.com\/transphermusic\/"]},{"@type":"Person","@id":"https:\/\/www.transpher.net\/site\/#\/schema\/person\/b68f3b23c001ef36184905b049abfed9","name":"Jean-Marc Houdayer","image":{"@type":"ImageObject","inLanguage":"fr-FR","@id":"https:\/\/secure.gravatar.com\/avatar\/2284ee9b930a21f357ba4aef42d47d3a37d90a416ae010a3bff3d5e7f9fac006?s=96&d=mm&r=g","url":"https:\/\/secure.gravatar.com\/avatar\/2284ee9b930a21f357ba4aef42d47d3a37d90a416ae010a3bff3d5e7f9fac006?s=96&d=mm&r=g","contentUrl":"https:\/\/secure.gravatar.com\/avatar\/2284ee9b930a21f357ba4aef42d47d3a37d90a416ae010a3bff3d5e7f9fac006?s=96&d=mm&r=g","caption":"Jean-Marc Houdayer"},"url":"https:\/\/www.transpher.net\/site\/author\/jm\/"}]}},"_links":{"self":[{"href":"https:\/\/www.transpher.net\/site\/wp-json\/wp\/v2\/posts\/3372","targetHints":{"allow":["GET"]}}],"collection":[{"href":"https:\/\/www.transpher.net\/site\/wp-json\/wp\/v2\/posts"}],"about":[{"href":"https:\/\/www.transpher.net\/site\/wp-json\/wp\/v2\/types\/post"}],"author":[{"embeddable":true,"href":"https:\/\/www.transpher.net\/site\/wp-json\/wp\/v2\/users\/2"}],"replies":[{"embeddable":true,"href":"https:\/\/www.transpher.net\/site\/wp-json\/wp\/v2\/comments?post=3372"}],"version-history":[{"count":0,"href":"https:\/\/www.transpher.net\/site\/wp-json\/wp\/v2\/posts\/3372\/revisions"}],"wp:attachment":[{"href":"https:\/\/www.transpher.net\/site\/wp-json\/wp\/v2\/media?parent=3372"}],"wp:term":[{"taxonomy":"category","embeddable":true,"href":"https:\/\/www.transpher.net\/site\/wp-json\/wp\/v2\/categories?post=3372"},{"taxonomy":"post_tag","embeddable":true,"href":"https:\/\/www.transpher.net\/site\/wp-json\/wp\/v2\/tags?post=3372"}],"curies":[{"name":"wp","href":"https:\/\/api.w.org\/{rel}","templated":true}]}}