{"id":3379,"date":"2023-03-03T17:55:30","date_gmt":"2023-03-03T16:55:30","guid":{"rendered":"https:\/\/www.transpher.net\/site\/?p=3379"},"modified":"2023-04-17T09:54:14","modified_gmt":"2023-04-17T07:54:14","slug":"st-patrick-le-18-mars-a-dijon-prenois","status":"publish","type":"post","link":"https:\/\/www.transpher.net\/site\/st-patrick-le-18-mars-a-dijon-prenois\/","title":{"rendered":"St Patrick le 18 mars \u00e0 Dijon-Prenois !"},"content":{"rendered":"\n<p>Pas de St Patrick en Seine et Marne cette ann\u00e9e, mais nous avons le plaisir de venir f\u00eater l&rsquo;\u00e9v\u00e9nement lors de la \u00ab\u00a0Coupe de France des circuits\u00a0\u00bb, qui aura lieu sur le circuit automobile de Dijon-Prenois. RV en C\u00f4te d&rsquo;Or !<\/p>\n\n\n\n<figure class=\"wp-block-gallery has-nested-images columns-default is-cropped wp-block-gallery-1 is-layout-flex wp-block-gallery-is-layout-flex\">\n<figure class=\"wp-block-image size-large\"><img loading=\"lazy\" decoding=\"async\" width=\"600\" height=\"801\" data-id=\"3384\" src=\"https:\/\/www.transpher.net\/site\/wp-content\/uploads\/2023\/03\/affiche-Dijon-5-600x801.jpg\" alt=\"\" class=\"wp-image-3384\" srcset=\"https:\/\/www.transpher.net\/site\/wp-content\/uploads\/2023\/03\/affiche-Dijon-5-600x801.jpg 600w, https:\/\/www.transpher.net\/site\/wp-content\/uploads\/2023\/03\/affiche-Dijon-5-300x400.jpg 300w, https:\/\/www.transpher.net\/site\/wp-content\/uploads\/2023\/03\/affiche-Dijon-5-768x1025.jpg 768w, https:\/\/www.transpher.net\/site\/wp-content\/uploads\/2023\/03\/affiche-Dijon-5-1151x1536.jpg 1151w, https:\/\/www.transpher.net\/site\/wp-content\/uploads\/2023\/03\/affiche-Dijon-5-1535x2048.jpg 1535w, https:\/\/www.transpher.net\/site\/wp-content\/uploads\/2023\/03\/affiche-Dijon-5-125x167.jpg 125w, https:\/\/www.transpher.net\/site\/wp-content\/uploads\/2023\/03\/affiche-Dijon-5.jpg 1623w\" sizes=\"auto, (max-width: 600px) 100vw, 600px\" \/><\/figure>\n\n\n\n<figure class=\"wp-block-image size-large\"><img loading=\"lazy\" decoding=\"async\" width=\"600\" height=\"337\" data-id=\"3383\" src=\"https:\/\/www.transpher.net\/site\/wp-content\/uploads\/2023\/03\/circuit-1-600x337.jpg\" alt=\"\" class=\"wp-image-3383\" srcset=\"https:\/\/www.transpher.net\/site\/wp-content\/uploads\/2023\/03\/circuit-1-600x337.jpg 600w, https:\/\/www.transpher.net\/site\/wp-content\/uploads\/2023\/03\/circuit-1-300x168.jpg 300w, https:\/\/www.transpher.net\/site\/wp-content\/uploads\/2023\/03\/circuit-1-768x431.jpg 768w, https:\/\/www.transpher.net\/site\/wp-content\/uploads\/2023\/03\/circuit-1-125x70.jpg 125w, https:\/\/www.transpher.net\/site\/wp-content\/uploads\/2023\/03\/circuit-1.jpg 823w\" sizes=\"auto, (max-width: 600px) 100vw, 600px\" \/><\/figure>\n<\/figure>\n","protected":false},"excerpt":{"rendered":"<p>Pas de St Patrick en Seine et Marne cette ann\u00e9e, mais nous avons le plaisir de venir f\u00eater l&rsquo;\u00e9v\u00e9nement lors de la \u00ab\u00a0Coupe de France des circuits\u00a0\u00bb, qui aura lieu<\/p>\n<p class=\"more-link\"><a href=\"https:\/\/www.transpher.net\/site\/st-patrick-le-18-mars-a-dijon-prenois\/\" class=\"readmore\">Continuer la lecture<span class=\"screen-reader-text\">St Patrick le 18 mars \u00e0 Dijon-Prenois !<\/span><\/a><\/p>\n","protected":false},"author":2,"featured_media":0,"comment_status":"closed","ping_status":"open","sticky":false,"template":"","format":"standard","meta":{"ngg_post_thumbnail":0,"footnotes":""},"categories":[6],"tags":[16,15,21,14],"class_list":["post-3379","post","type-post","status-publish","format-standard","hentry","category-news-rock-celtique","tag-concert-rock-celtique","tag-musique-celtique-festive-rock-celtique","tag-rock-celtique","tag-transpher-rock-celtique"],"yoast_head":"<!-- This site is optimized with the Yoast SEO plugin v27.5 - https:\/\/yoast.com\/product\/yoast-seo-wordpress\/ -->\n<title>St Patrick le 18 mars \u00e0 Dijon-Prenois ! -<\/title>\n<meta name=\"robots\" content=\"index, follow, max-snippet:-1, max-image-preview:large, max-video-preview:-1\" \/>\n<link rel=\"canonical\" href=\"https:\/\/www.transpher.net\/site\/st-patrick-le-18-mars-a-dijon-prenois\/\" \/>\n<meta property=\"og:locale\" content=\"fr_FR\" \/>\n<meta property=\"og:type\" content=\"article\" \/>\n<meta property=\"og:title\" content=\"St Patrick le 18 mars \u00e0 Dijon-Prenois ! -\" \/>\n<meta property=\"og:description\" content=\"Pas de St Patrick en Seine et Marne cette ann\u00e9e, mais nous avons le plaisir de venir f\u00eater l&rsquo;\u00e9v\u00e9nement lors de la \u00ab\u00a0Coupe de France des circuits\u00a0\u00bb, qui aura lieuContinuer la lectureSt Patrick le 18 mars \u00e0 Dijon-Prenois !\" \/>\n<meta property=\"og:url\" content=\"https:\/\/www.transpher.net\/site\/st-patrick-le-18-mars-a-dijon-prenois\/\" \/>\n<meta property=\"article:publisher\" content=\"https:\/\/www.facebook.com\/TRANSPHERrockceltique\" \/>\n<meta property=\"article:published_time\" content=\"2023-03-03T16:55:30+00:00\" \/>\n<meta property=\"article:modified_time\" content=\"2023-04-17T07:54:14+00:00\" \/>\n<meta property=\"og:image\" content=\"https:\/\/www.transpher.net\/site\/wp-content\/uploads\/2023\/03\/affiche-Dijon-5-600x801.jpg\" \/>\n<meta name=\"author\" content=\"Jean-Marc Houdayer\" \/>\n<meta name=\"twitter:card\" content=\"summary_large_image\" \/>\n<meta name=\"twitter:label1\" content=\"\u00c9crit par\" \/>\n\t<meta name=\"twitter:data1\" content=\"Jean-Marc Houdayer\" \/>\n\t<meta name=\"twitter:label2\" content=\"Dur\u00e9e de lecture estim\u00e9e\" \/>\n\t<meta name=\"twitter:data2\" content=\"1 minute\" \/>\n<script type=\"application\/ld+json\" class=\"yoast-schema-graph\">{\"@context\":\"https:\\\/\\\/schema.org\",\"@graph\":[{\"@type\":\"Article\",\"@id\":\"https:\\\/\\\/www.transpher.net\\\/site\\\/st-patrick-le-18-mars-a-dijon-prenois\\\/#article\",\"isPartOf\":{\"@id\":\"https:\\\/\\\/www.transpher.net\\\/site\\\/st-patrick-le-18-mars-a-dijon-prenois\\\/\"},\"author\":{\"name\":\"Jean-Marc Houdayer\",\"@id\":\"https:\\\/\\\/www.transpher.net\\\/site\\\/#\\\/schema\\\/person\\\/b68f3b23c001ef36184905b049abfed9\"},\"headline\":\"St Patrick le 18 mars \u00e0 Dijon-Prenois !\",\"datePublished\":\"2023-03-03T16:55:30+00:00\",\"dateModified\":\"2023-04-17T07:54:14+00:00\",\"mainEntityOfPage\":{\"@id\":\"https:\\\/\\\/www.transpher.net\\\/site\\\/st-patrick-le-18-mars-a-dijon-prenois\\\/\"},\"wordCount\":50,\"publisher\":{\"@id\":\"https:\\\/\\\/www.transpher.net\\\/site\\\/#organization\"},\"image\":{\"@id\":\"https:\\\/\\\/www.transpher.net\\\/site\\\/st-patrick-le-18-mars-a-dijon-prenois\\\/#primaryimage\"},\"thumbnailUrl\":\"https:\\\/\\\/www.transpher.net\\\/site\\\/wp-content\\\/uploads\\\/2023\\\/03\\\/affiche-Dijon-5-600x801.jpg\",\"keywords\":[\"concert\",\"musique celtique festive\",\"Rock celtique\",\"Transpher\"],\"articleSection\":[\"news\"],\"inLanguage\":\"fr-FR\"},{\"@type\":\"WebPage\",\"@id\":\"https:\\\/\\\/www.transpher.net\\\/site\\\/st-patrick-le-18-mars-a-dijon-prenois\\\/\",\"url\":\"https:\\\/\\\/www.transpher.net\\\/site\\\/st-patrick-le-18-mars-a-dijon-prenois\\\/\",\"name\":\"St Patrick le 18 mars \u00e0 Dijon-Prenois ! -\",\"isPartOf\":{\"@id\":\"https:\\\/\\\/www.transpher.net\\\/site\\\/#website\"},\"primaryImageOfPage\":{\"@id\":\"https:\\\/\\\/www.transpher.net\\\/site\\\/st-patrick-le-18-mars-a-dijon-prenois\\\/#primaryimage\"},\"image\":{\"@id\":\"https:\\\/\\\/www.transpher.net\\\/site\\\/st-patrick-le-18-mars-a-dijon-prenois\\\/#primaryimage\"},\"thumbnailUrl\":\"https:\\\/\\\/www.transpher.net\\\/site\\\/wp-content\\\/uploads\\\/2023\\\/03\\\/affiche-Dijon-5-600x801.jpg\",\"datePublished\":\"2023-03-03T16:55:30+00:00\",\"dateModified\":\"2023-04-17T07:54:14+00:00\",\"breadcrumb\":{\"@id\":\"https:\\\/\\\/www.transpher.net\\\/site\\\/st-patrick-le-18-mars-a-dijon-prenois\\\/#breadcrumb\"},\"inLanguage\":\"fr-FR\",\"potentialAction\":[{\"@type\":\"ReadAction\",\"target\":[\"https:\\\/\\\/www.transpher.net\\\/site\\\/st-patrick-le-18-mars-a-dijon-prenois\\\/\"]}]},{\"@type\":\"ImageObject\",\"inLanguage\":\"fr-FR\",\"@id\":\"https:\\\/\\\/www.transpher.net\\\/site\\\/st-patrick-le-18-mars-a-dijon-prenois\\\/#primaryimage\",\"url\":\"https:\\\/\\\/www.transpher.net\\\/site\\\/wp-content\\\/uploads\\\/2023\\\/03\\\/affiche-Dijon-5.jpg\",\"contentUrl\":\"https:\\\/\\\/www.transpher.net\\\/site\\\/wp-content\\\/uploads\\\/2023\\\/03\\\/affiche-Dijon-5.jpg\",\"width\":1623,\"height\":2166},{\"@type\":\"BreadcrumbList\",\"@id\":\"https:\\\/\\\/www.transpher.net\\\/site\\\/st-patrick-le-18-mars-a-dijon-prenois\\\/#breadcrumb\",\"itemListElement\":[{\"@type\":\"ListItem\",\"position\":1,\"name\":\"Accueil\",\"item\":\"https:\\\/\\\/www.transpher.net\\\/site\\\/\"},{\"@type\":\"ListItem\",\"position\":2,\"name\":\"St Patrick le 18 mars \u00e0 Dijon-Prenois !\"}]},{\"@type\":\"WebSite\",\"@id\":\"https:\\\/\\\/www.transpher.net\\\/site\\\/#website\",\"url\":\"https:\\\/\\\/www.transpher.net\\\/site\\\/\",\"name\":\"\",\"description\":\"\",\"publisher\":{\"@id\":\"https:\\\/\\\/www.transpher.net\\\/site\\\/#organization\"},\"potentialAction\":[{\"@type\":\"SearchAction\",\"target\":{\"@type\":\"EntryPoint\",\"urlTemplate\":\"https:\\\/\\\/www.transpher.net\\\/site\\\/?s={search_term_string}\"},\"query-input\":{\"@type\":\"PropertyValueSpecification\",\"valueRequired\":true,\"valueName\":\"search_term_string\"}}],\"inLanguage\":\"fr-FR\"},{\"@type\":\"Organization\",\"@id\":\"https:\\\/\\\/www.transpher.net\\\/site\\\/#organization\",\"name\":\"TRANSPHER Rock Celtique\",\"url\":\"https:\\\/\\\/www.transpher.net\\\/site\\\/\",\"logo\":{\"@type\":\"ImageObject\",\"inLanguage\":\"fr-FR\",\"@id\":\"https:\\\/\\\/www.transpher.net\\\/site\\\/#\\\/schema\\\/logo\\\/image\\\/\",\"url\":\"https:\\\/\\\/www.transpher.net\\\/site\\\/wp-content\\\/uploads\\\/2021\\\/04\\\/hd2-scaled.jpg\",\"contentUrl\":\"https:\\\/\\\/www.transpher.net\\\/site\\\/wp-content\\\/uploads\\\/2021\\\/04\\\/hd2-scaled.jpg\",\"width\":2560,\"height\":1529,\"caption\":\"TRANSPHER Rock Celtique\"},\"image\":{\"@id\":\"https:\\\/\\\/www.transpher.net\\\/site\\\/#\\\/schema\\\/logo\\\/image\\\/\"},\"sameAs\":[\"https:\\\/\\\/www.facebook.com\\\/TRANSPHERrockceltique\",\"https:\\\/\\\/www.instagram.com\\\/transphermusic\\\/\"]},{\"@type\":\"Person\",\"@id\":\"https:\\\/\\\/www.transpher.net\\\/site\\\/#\\\/schema\\\/person\\\/b68f3b23c001ef36184905b049abfed9\",\"name\":\"Jean-Marc Houdayer\",\"image\":{\"@type\":\"ImageObject\",\"inLanguage\":\"fr-FR\",\"@id\":\"https:\\\/\\\/secure.gravatar.com\\\/avatar\\\/2284ee9b930a21f357ba4aef42d47d3a37d90a416ae010a3bff3d5e7f9fac006?s=96&d=mm&r=g\",\"url\":\"https:\\\/\\\/secure.gravatar.com\\\/avatar\\\/2284ee9b930a21f357ba4aef42d47d3a37d90a416ae010a3bff3d5e7f9fac006?s=96&d=mm&r=g\",\"contentUrl\":\"https:\\\/\\\/secure.gravatar.com\\\/avatar\\\/2284ee9b930a21f357ba4aef42d47d3a37d90a416ae010a3bff3d5e7f9fac006?s=96&d=mm&r=g\",\"caption\":\"Jean-Marc Houdayer\"},\"url\":\"https:\\\/\\\/www.transpher.net\\\/site\\\/author\\\/jm\\\/\"}]}<\/script>\n<!-- \/ Yoast SEO plugin. -->","yoast_head_json":{"title":"St Patrick le 18 mars \u00e0 Dijon-Prenois ! -","robots":{"index":"index","follow":"follow","max-snippet":"max-snippet:-1","max-image-preview":"max-image-preview:large","max-video-preview":"max-video-preview:-1"},"canonical":"https:\/\/www.transpher.net\/site\/st-patrick-le-18-mars-a-dijon-prenois\/","og_locale":"fr_FR","og_type":"article","og_title":"St Patrick le 18 mars \u00e0 Dijon-Prenois ! -","og_description":"Pas de St Patrick en Seine et Marne cette ann\u00e9e, mais nous avons le plaisir de venir f\u00eater l&rsquo;\u00e9v\u00e9nement lors de la \u00ab\u00a0Coupe de France des circuits\u00a0\u00bb, qui aura lieuContinuer la lectureSt Patrick le 18 mars \u00e0 Dijon-Prenois !","og_url":"https:\/\/www.transpher.net\/site\/st-patrick-le-18-mars-a-dijon-prenois\/","article_publisher":"https:\/\/www.facebook.com\/TRANSPHERrockceltique","article_published_time":"2023-03-03T16:55:30+00:00","article_modified_time":"2023-04-17T07:54:14+00:00","og_image":[{"url":"https:\/\/www.transpher.net\/site\/wp-content\/uploads\/2023\/03\/affiche-Dijon-5-600x801.jpg","type":"","width":"","height":""}],"author":"Jean-Marc Houdayer","twitter_card":"summary_large_image","twitter_misc":{"\u00c9crit par":"Jean-Marc Houdayer","Dur\u00e9e de lecture estim\u00e9e":"1 minute"},"schema":{"@context":"https:\/\/schema.org","@graph":[{"@type":"Article","@id":"https:\/\/www.transpher.net\/site\/st-patrick-le-18-mars-a-dijon-prenois\/#article","isPartOf":{"@id":"https:\/\/www.transpher.net\/site\/st-patrick-le-18-mars-a-dijon-prenois\/"},"author":{"name":"Jean-Marc Houdayer","@id":"https:\/\/www.transpher.net\/site\/#\/schema\/person\/b68f3b23c001ef36184905b049abfed9"},"headline":"St Patrick le 18 mars \u00e0 Dijon-Prenois !","datePublished":"2023-03-03T16:55:30+00:00","dateModified":"2023-04-17T07:54:14+00:00","mainEntityOfPage":{"@id":"https:\/\/www.transpher.net\/site\/st-patrick-le-18-mars-a-dijon-prenois\/"},"wordCount":50,"publisher":{"@id":"https:\/\/www.transpher.net\/site\/#organization"},"image":{"@id":"https:\/\/www.transpher.net\/site\/st-patrick-le-18-mars-a-dijon-prenois\/#primaryimage"},"thumbnailUrl":"https:\/\/www.transpher.net\/site\/wp-content\/uploads\/2023\/03\/affiche-Dijon-5-600x801.jpg","keywords":["concert","musique celtique festive","Rock celtique","Transpher"],"articleSection":["news"],"inLanguage":"fr-FR"},{"@type":"WebPage","@id":"https:\/\/www.transpher.net\/site\/st-patrick-le-18-mars-a-dijon-prenois\/","url":"https:\/\/www.transpher.net\/site\/st-patrick-le-18-mars-a-dijon-prenois\/","name":"St Patrick le 18 mars \u00e0 Dijon-Prenois ! -","isPartOf":{"@id":"https:\/\/www.transpher.net\/site\/#website"},"primaryImageOfPage":{"@id":"https:\/\/www.transpher.net\/site\/st-patrick-le-18-mars-a-dijon-prenois\/#primaryimage"},"image":{"@id":"https:\/\/www.transpher.net\/site\/st-patrick-le-18-mars-a-dijon-prenois\/#primaryimage"},"thumbnailUrl":"https:\/\/www.transpher.net\/site\/wp-content\/uploads\/2023\/03\/affiche-Dijon-5-600x801.jpg","datePublished":"2023-03-03T16:55:30+00:00","dateModified":"2023-04-17T07:54:14+00:00","breadcrumb":{"@id":"https:\/\/www.transpher.net\/site\/st-patrick-le-18-mars-a-dijon-prenois\/#breadcrumb"},"inLanguage":"fr-FR","potentialAction":[{"@type":"ReadAction","target":["https:\/\/www.transpher.net\/site\/st-patrick-le-18-mars-a-dijon-prenois\/"]}]},{"@type":"ImageObject","inLanguage":"fr-FR","@id":"https:\/\/www.transpher.net\/site\/st-patrick-le-18-mars-a-dijon-prenois\/#primaryimage","url":"https:\/\/www.transpher.net\/site\/wp-content\/uploads\/2023\/03\/affiche-Dijon-5.jpg","contentUrl":"https:\/\/www.transpher.net\/site\/wp-content\/uploads\/2023\/03\/affiche-Dijon-5.jpg","width":1623,"height":2166},{"@type":"BreadcrumbList","@id":"https:\/\/www.transpher.net\/site\/st-patrick-le-18-mars-a-dijon-prenois\/#breadcrumb","itemListElement":[{"@type":"ListItem","position":1,"name":"Accueil","item":"https:\/\/www.transpher.net\/site\/"},{"@type":"ListItem","position":2,"name":"St Patrick le 18 mars \u00e0 Dijon-Prenois !"}]},{"@type":"WebSite","@id":"https:\/\/www.transpher.net\/site\/#website","url":"https:\/\/www.transpher.net\/site\/","name":"","description":"","publisher":{"@id":"https:\/\/www.transpher.net\/site\/#organization"},"potentialAction":[{"@type":"SearchAction","target":{"@type":"EntryPoint","urlTemplate":"https:\/\/www.transpher.net\/site\/?s={search_term_string}"},"query-input":{"@type":"PropertyValueSpecification","valueRequired":true,"valueName":"search_term_string"}}],"inLanguage":"fr-FR"},{"@type":"Organization","@id":"https:\/\/www.transpher.net\/site\/#organization","name":"TRANSPHER Rock Celtique","url":"https:\/\/www.transpher.net\/site\/","logo":{"@type":"ImageObject","inLanguage":"fr-FR","@id":"https:\/\/www.transpher.net\/site\/#\/schema\/logo\/image\/","url":"https:\/\/www.transpher.net\/site\/wp-content\/uploads\/2021\/04\/hd2-scaled.jpg","contentUrl":"https:\/\/www.transpher.net\/site\/wp-content\/uploads\/2021\/04\/hd2-scaled.jpg","width":2560,"height":1529,"caption":"TRANSPHER Rock Celtique"},"image":{"@id":"https:\/\/www.transpher.net\/site\/#\/schema\/logo\/image\/"},"sameAs":["https:\/\/www.facebook.com\/TRANSPHERrockceltique","https:\/\/www.instagram.com\/transphermusic\/"]},{"@type":"Person","@id":"https:\/\/www.transpher.net\/site\/#\/schema\/person\/b68f3b23c001ef36184905b049abfed9","name":"Jean-Marc Houdayer","image":{"@type":"ImageObject","inLanguage":"fr-FR","@id":"https:\/\/secure.gravatar.com\/avatar\/2284ee9b930a21f357ba4aef42d47d3a37d90a416ae010a3bff3d5e7f9fac006?s=96&d=mm&r=g","url":"https:\/\/secure.gravatar.com\/avatar\/2284ee9b930a21f357ba4aef42d47d3a37d90a416ae010a3bff3d5e7f9fac006?s=96&d=mm&r=g","contentUrl":"https:\/\/secure.gravatar.com\/avatar\/2284ee9b930a21f357ba4aef42d47d3a37d90a416ae010a3bff3d5e7f9fac006?s=96&d=mm&r=g","caption":"Jean-Marc Houdayer"},"url":"https:\/\/www.transpher.net\/site\/author\/jm\/"}]}},"_links":{"self":[{"href":"https:\/\/www.transpher.net\/site\/wp-json\/wp\/v2\/posts\/3379","targetHints":{"allow":["GET"]}}],"collection":[{"href":"https:\/\/www.transpher.net\/site\/wp-json\/wp\/v2\/posts"}],"about":[{"href":"https:\/\/www.transpher.net\/site\/wp-json\/wp\/v2\/types\/post"}],"author":[{"embeddable":true,"href":"https:\/\/www.transpher.net\/site\/wp-json\/wp\/v2\/users\/2"}],"replies":[{"embeddable":true,"href":"https:\/\/www.transpher.net\/site\/wp-json\/wp\/v2\/comments?post=3379"}],"version-history":[{"count":0,"href":"https:\/\/www.transpher.net\/site\/wp-json\/wp\/v2\/posts\/3379\/revisions"}],"wp:attachment":[{"href":"https:\/\/www.transpher.net\/site\/wp-json\/wp\/v2\/media?parent=3379"}],"wp:term":[{"taxonomy":"category","embeddable":true,"href":"https:\/\/www.transpher.net\/site\/wp-json\/wp\/v2\/categories?post=3379"},{"taxonomy":"post_tag","embeddable":true,"href":"https:\/\/www.transpher.net\/site\/wp-json\/wp\/v2\/tags?post=3379"}],"curies":[{"name":"wp","href":"https:\/\/api.w.org\/{rel}","templated":true}]}}