{"id":3580,"date":"2023-04-16T20:23:00","date_gmt":"2023-04-16T18:23:00","guid":{"rendered":"https:\/\/www.transpher.net\/site\/?p=3580"},"modified":"2023-05-22T21:44:18","modified_gmt":"2023-05-22T19:44:18","slug":"le-29-avril-concert-a-la-tour-des-villains-haute-marne","status":"publish","type":"post","link":"https:\/\/www.transpher.net\/site\/le-29-avril-concert-a-la-tour-des-villains-haute-marne\/","title":{"rendered":"Le 29 avril concert \u00e0 la Tour des Villains (Haute Marne)"},"content":{"rendered":"\n<figure class=\"wp-block-image size-full\"><img loading=\"lazy\" decoding=\"async\" width=\"850\" height=\"281\" src=\"https:\/\/www.transpher.net\/site\/wp-content\/uploads\/2023\/04\/Affiche.png\" alt=\"\" class=\"wp-image-3581\" srcset=\"https:\/\/www.transpher.net\/site\/wp-content\/uploads\/2023\/04\/Affiche.png 850w, https:\/\/www.transpher.net\/site\/wp-content\/uploads\/2023\/04\/Affiche-600x198.png 600w, https:\/\/www.transpher.net\/site\/wp-content\/uploads\/2023\/04\/Affiche-450x149.png 450w, https:\/\/www.transpher.net\/site\/wp-content\/uploads\/2023\/04\/Affiche-768x254.png 768w\" sizes=\"auto, (max-width: 850px) 100vw, 850px\" \/><\/figure>\n\n\n\n<p>C&rsquo;est \u00e0 Montsaugeon que nous aurons le plaisir de vous retrouver pour un concert dans un lieu associatif, la Tour des Villains ( 52 )<\/p>\n","protected":false},"excerpt":{"rendered":"<p>C&rsquo;est \u00e0 Montsaugeon que nous aurons le plaisir de vous retrouver pour un concert dans un lieu associatif, la Tour des Villains ( 52 )<\/p>\n","protected":false},"author":2,"featured_media":0,"comment_status":"closed","ping_status":"open","sticky":false,"template":"","format":"standard","meta":{"ngg_post_thumbnail":0,"footnotes":""},"categories":[6],"tags":[16,15,21,14],"class_list":["post-3580","post","type-post","status-publish","format-standard","hentry","category-news-rock-celtique","tag-concert-rock-celtique","tag-musique-celtique-festive-rock-celtique","tag-rock-celtique","tag-transpher-rock-celtique"],"yoast_head":"<!-- This site is optimized with the Yoast SEO plugin v27.5 - https:\/\/yoast.com\/product\/yoast-seo-wordpress\/ -->\n<title>Le 29 avril concert \u00e0 la Tour des Villains (Haute Marne) -<\/title>\n<meta name=\"robots\" content=\"index, follow, max-snippet:-1, max-image-preview:large, max-video-preview:-1\" \/>\n<link rel=\"canonical\" href=\"https:\/\/www.transpher.net\/site\/le-29-avril-concert-a-la-tour-des-villains-haute-marne\/\" \/>\n<meta property=\"og:locale\" content=\"fr_FR\" \/>\n<meta property=\"og:type\" content=\"article\" \/>\n<meta property=\"og:title\" content=\"Le 29 avril concert \u00e0 la Tour des Villains (Haute Marne) -\" \/>\n<meta property=\"og:description\" content=\"C&rsquo;est \u00e0 Montsaugeon que nous aurons le plaisir de vous retrouver pour un concert dans un lieu associatif, la Tour des Villains ( 52 )\" \/>\n<meta property=\"og:url\" content=\"https:\/\/www.transpher.net\/site\/le-29-avril-concert-a-la-tour-des-villains-haute-marne\/\" \/>\n<meta property=\"article:publisher\" content=\"https:\/\/www.facebook.com\/TRANSPHERrockceltique\" \/>\n<meta property=\"article:published_time\" content=\"2023-04-16T18:23:00+00:00\" \/>\n<meta property=\"article:modified_time\" content=\"2023-05-22T19:44:18+00:00\" \/>\n<meta property=\"og:image\" content=\"https:\/\/www.transpher.net\/site\/wp-content\/uploads\/2023\/04\/Affiche.png\" \/>\n<meta name=\"author\" content=\"Jean-Marc Houdayer\" \/>\n<meta name=\"twitter:card\" content=\"summary_large_image\" \/>\n<meta name=\"twitter:label1\" content=\"\u00c9crit par\" \/>\n\t<meta name=\"twitter:data1\" content=\"Jean-Marc Houdayer\" \/>\n\t<meta name=\"twitter:label2\" content=\"Dur\u00e9e de lecture estim\u00e9e\" \/>\n\t<meta name=\"twitter:data2\" content=\"1 minute\" \/>\n<script type=\"application\/ld+json\" class=\"yoast-schema-graph\">{\"@context\":\"https:\\\/\\\/schema.org\",\"@graph\":[{\"@type\":\"Article\",\"@id\":\"https:\\\/\\\/www.transpher.net\\\/site\\\/le-29-avril-concert-a-la-tour-des-villains-haute-marne\\\/#article\",\"isPartOf\":{\"@id\":\"https:\\\/\\\/www.transpher.net\\\/site\\\/le-29-avril-concert-a-la-tour-des-villains-haute-marne\\\/\"},\"author\":{\"name\":\"Jean-Marc Houdayer\",\"@id\":\"https:\\\/\\\/www.transpher.net\\\/site\\\/#\\\/schema\\\/person\\\/b68f3b23c001ef36184905b049abfed9\"},\"headline\":\"Le 29 avril concert \u00e0 la Tour des Villains (Haute Marne)\",\"datePublished\":\"2023-04-16T18:23:00+00:00\",\"dateModified\":\"2023-05-22T19:44:18+00:00\",\"mainEntityOfPage\":{\"@id\":\"https:\\\/\\\/www.transpher.net\\\/site\\\/le-29-avril-concert-a-la-tour-des-villains-haute-marne\\\/\"},\"wordCount\":30,\"publisher\":{\"@id\":\"https:\\\/\\\/www.transpher.net\\\/site\\\/#organization\"},\"image\":{\"@id\":\"https:\\\/\\\/www.transpher.net\\\/site\\\/le-29-avril-concert-a-la-tour-des-villains-haute-marne\\\/#primaryimage\"},\"thumbnailUrl\":\"https:\\\/\\\/www.transpher.net\\\/site\\\/wp-content\\\/uploads\\\/2023\\\/04\\\/Affiche.png\",\"keywords\":[\"concert\",\"musique celtique festive\",\"Rock celtique\",\"Transpher\"],\"articleSection\":[\"news\"],\"inLanguage\":\"fr-FR\"},{\"@type\":\"WebPage\",\"@id\":\"https:\\\/\\\/www.transpher.net\\\/site\\\/le-29-avril-concert-a-la-tour-des-villains-haute-marne\\\/\",\"url\":\"https:\\\/\\\/www.transpher.net\\\/site\\\/le-29-avril-concert-a-la-tour-des-villains-haute-marne\\\/\",\"name\":\"Le 29 avril concert \u00e0 la Tour des Villains (Haute Marne) -\",\"isPartOf\":{\"@id\":\"https:\\\/\\\/www.transpher.net\\\/site\\\/#website\"},\"primaryImageOfPage\":{\"@id\":\"https:\\\/\\\/www.transpher.net\\\/site\\\/le-29-avril-concert-a-la-tour-des-villains-haute-marne\\\/#primaryimage\"},\"image\":{\"@id\":\"https:\\\/\\\/www.transpher.net\\\/site\\\/le-29-avril-concert-a-la-tour-des-villains-haute-marne\\\/#primaryimage\"},\"thumbnailUrl\":\"https:\\\/\\\/www.transpher.net\\\/site\\\/wp-content\\\/uploads\\\/2023\\\/04\\\/Affiche.png\",\"datePublished\":\"2023-04-16T18:23:00+00:00\",\"dateModified\":\"2023-05-22T19:44:18+00:00\",\"breadcrumb\":{\"@id\":\"https:\\\/\\\/www.transpher.net\\\/site\\\/le-29-avril-concert-a-la-tour-des-villains-haute-marne\\\/#breadcrumb\"},\"inLanguage\":\"fr-FR\",\"potentialAction\":[{\"@type\":\"ReadAction\",\"target\":[\"https:\\\/\\\/www.transpher.net\\\/site\\\/le-29-avril-concert-a-la-tour-des-villains-haute-marne\\\/\"]}]},{\"@type\":\"ImageObject\",\"inLanguage\":\"fr-FR\",\"@id\":\"https:\\\/\\\/www.transpher.net\\\/site\\\/le-29-avril-concert-a-la-tour-des-villains-haute-marne\\\/#primaryimage\",\"url\":\"https:\\\/\\\/www.transpher.net\\\/site\\\/wp-content\\\/uploads\\\/2023\\\/04\\\/Affiche.png\",\"contentUrl\":\"https:\\\/\\\/www.transpher.net\\\/site\\\/wp-content\\\/uploads\\\/2023\\\/04\\\/Affiche.png\",\"width\":850,\"height\":281},{\"@type\":\"BreadcrumbList\",\"@id\":\"https:\\\/\\\/www.transpher.net\\\/site\\\/le-29-avril-concert-a-la-tour-des-villains-haute-marne\\\/#breadcrumb\",\"itemListElement\":[{\"@type\":\"ListItem\",\"position\":1,\"name\":\"Accueil\",\"item\":\"https:\\\/\\\/www.transpher.net\\\/site\\\/\"},{\"@type\":\"ListItem\",\"position\":2,\"name\":\"Le 29 avril concert \u00e0 la Tour des Villains (Haute Marne)\"}]},{\"@type\":\"WebSite\",\"@id\":\"https:\\\/\\\/www.transpher.net\\\/site\\\/#website\",\"url\":\"https:\\\/\\\/www.transpher.net\\\/site\\\/\",\"name\":\"\",\"description\":\"\",\"publisher\":{\"@id\":\"https:\\\/\\\/www.transpher.net\\\/site\\\/#organization\"},\"potentialAction\":[{\"@type\":\"SearchAction\",\"target\":{\"@type\":\"EntryPoint\",\"urlTemplate\":\"https:\\\/\\\/www.transpher.net\\\/site\\\/?s={search_term_string}\"},\"query-input\":{\"@type\":\"PropertyValueSpecification\",\"valueRequired\":true,\"valueName\":\"search_term_string\"}}],\"inLanguage\":\"fr-FR\"},{\"@type\":\"Organization\",\"@id\":\"https:\\\/\\\/www.transpher.net\\\/site\\\/#organization\",\"name\":\"TRANSPHER Rock Celtique\",\"url\":\"https:\\\/\\\/www.transpher.net\\\/site\\\/\",\"logo\":{\"@type\":\"ImageObject\",\"inLanguage\":\"fr-FR\",\"@id\":\"https:\\\/\\\/www.transpher.net\\\/site\\\/#\\\/schema\\\/logo\\\/image\\\/\",\"url\":\"https:\\\/\\\/www.transpher.net\\\/site\\\/wp-content\\\/uploads\\\/2021\\\/04\\\/hd2-scaled.jpg\",\"contentUrl\":\"https:\\\/\\\/www.transpher.net\\\/site\\\/wp-content\\\/uploads\\\/2021\\\/04\\\/hd2-scaled.jpg\",\"width\":2560,\"height\":1529,\"caption\":\"TRANSPHER Rock Celtique\"},\"image\":{\"@id\":\"https:\\\/\\\/www.transpher.net\\\/site\\\/#\\\/schema\\\/logo\\\/image\\\/\"},\"sameAs\":[\"https:\\\/\\\/www.facebook.com\\\/TRANSPHERrockceltique\",\"https:\\\/\\\/www.instagram.com\\\/transphermusic\\\/\"]},{\"@type\":\"Person\",\"@id\":\"https:\\\/\\\/www.transpher.net\\\/site\\\/#\\\/schema\\\/person\\\/b68f3b23c001ef36184905b049abfed9\",\"name\":\"Jean-Marc Houdayer\",\"image\":{\"@type\":\"ImageObject\",\"inLanguage\":\"fr-FR\",\"@id\":\"https:\\\/\\\/secure.gravatar.com\\\/avatar\\\/2284ee9b930a21f357ba4aef42d47d3a37d90a416ae010a3bff3d5e7f9fac006?s=96&d=mm&r=g\",\"url\":\"https:\\\/\\\/secure.gravatar.com\\\/avatar\\\/2284ee9b930a21f357ba4aef42d47d3a37d90a416ae010a3bff3d5e7f9fac006?s=96&d=mm&r=g\",\"contentUrl\":\"https:\\\/\\\/secure.gravatar.com\\\/avatar\\\/2284ee9b930a21f357ba4aef42d47d3a37d90a416ae010a3bff3d5e7f9fac006?s=96&d=mm&r=g\",\"caption\":\"Jean-Marc Houdayer\"},\"url\":\"https:\\\/\\\/www.transpher.net\\\/site\\\/author\\\/jm\\\/\"}]}<\/script>\n<!-- \/ Yoast SEO plugin. -->","yoast_head_json":{"title":"Le 29 avril concert \u00e0 la Tour des Villains (Haute Marne) -","robots":{"index":"index","follow":"follow","max-snippet":"max-snippet:-1","max-image-preview":"max-image-preview:large","max-video-preview":"max-video-preview:-1"},"canonical":"https:\/\/www.transpher.net\/site\/le-29-avril-concert-a-la-tour-des-villains-haute-marne\/","og_locale":"fr_FR","og_type":"article","og_title":"Le 29 avril concert \u00e0 la Tour des Villains (Haute Marne) -","og_description":"C&rsquo;est \u00e0 Montsaugeon que nous aurons le plaisir de vous retrouver pour un concert dans un lieu associatif, la Tour des Villains ( 52 )","og_url":"https:\/\/www.transpher.net\/site\/le-29-avril-concert-a-la-tour-des-villains-haute-marne\/","article_publisher":"https:\/\/www.facebook.com\/TRANSPHERrockceltique","article_published_time":"2023-04-16T18:23:00+00:00","article_modified_time":"2023-05-22T19:44:18+00:00","og_image":[{"url":"https:\/\/www.transpher.net\/site\/wp-content\/uploads\/2023\/04\/Affiche.png","type":"","width":"","height":""}],"author":"Jean-Marc Houdayer","twitter_card":"summary_large_image","twitter_misc":{"\u00c9crit par":"Jean-Marc Houdayer","Dur\u00e9e de lecture estim\u00e9e":"1 minute"},"schema":{"@context":"https:\/\/schema.org","@graph":[{"@type":"Article","@id":"https:\/\/www.transpher.net\/site\/le-29-avril-concert-a-la-tour-des-villains-haute-marne\/#article","isPartOf":{"@id":"https:\/\/www.transpher.net\/site\/le-29-avril-concert-a-la-tour-des-villains-haute-marne\/"},"author":{"name":"Jean-Marc Houdayer","@id":"https:\/\/www.transpher.net\/site\/#\/schema\/person\/b68f3b23c001ef36184905b049abfed9"},"headline":"Le 29 avril concert \u00e0 la Tour des Villains (Haute Marne)","datePublished":"2023-04-16T18:23:00+00:00","dateModified":"2023-05-22T19:44:18+00:00","mainEntityOfPage":{"@id":"https:\/\/www.transpher.net\/site\/le-29-avril-concert-a-la-tour-des-villains-haute-marne\/"},"wordCount":30,"publisher":{"@id":"https:\/\/www.transpher.net\/site\/#organization"},"image":{"@id":"https:\/\/www.transpher.net\/site\/le-29-avril-concert-a-la-tour-des-villains-haute-marne\/#primaryimage"},"thumbnailUrl":"https:\/\/www.transpher.net\/site\/wp-content\/uploads\/2023\/04\/Affiche.png","keywords":["concert","musique celtique festive","Rock celtique","Transpher"],"articleSection":["news"],"inLanguage":"fr-FR"},{"@type":"WebPage","@id":"https:\/\/www.transpher.net\/site\/le-29-avril-concert-a-la-tour-des-villains-haute-marne\/","url":"https:\/\/www.transpher.net\/site\/le-29-avril-concert-a-la-tour-des-villains-haute-marne\/","name":"Le 29 avril concert \u00e0 la Tour des Villains (Haute Marne) -","isPartOf":{"@id":"https:\/\/www.transpher.net\/site\/#website"},"primaryImageOfPage":{"@id":"https:\/\/www.transpher.net\/site\/le-29-avril-concert-a-la-tour-des-villains-haute-marne\/#primaryimage"},"image":{"@id":"https:\/\/www.transpher.net\/site\/le-29-avril-concert-a-la-tour-des-villains-haute-marne\/#primaryimage"},"thumbnailUrl":"https:\/\/www.transpher.net\/site\/wp-content\/uploads\/2023\/04\/Affiche.png","datePublished":"2023-04-16T18:23:00+00:00","dateModified":"2023-05-22T19:44:18+00:00","breadcrumb":{"@id":"https:\/\/www.transpher.net\/site\/le-29-avril-concert-a-la-tour-des-villains-haute-marne\/#breadcrumb"},"inLanguage":"fr-FR","potentialAction":[{"@type":"ReadAction","target":["https:\/\/www.transpher.net\/site\/le-29-avril-concert-a-la-tour-des-villains-haute-marne\/"]}]},{"@type":"ImageObject","inLanguage":"fr-FR","@id":"https:\/\/www.transpher.net\/site\/le-29-avril-concert-a-la-tour-des-villains-haute-marne\/#primaryimage","url":"https:\/\/www.transpher.net\/site\/wp-content\/uploads\/2023\/04\/Affiche.png","contentUrl":"https:\/\/www.transpher.net\/site\/wp-content\/uploads\/2023\/04\/Affiche.png","width":850,"height":281},{"@type":"BreadcrumbList","@id":"https:\/\/www.transpher.net\/site\/le-29-avril-concert-a-la-tour-des-villains-haute-marne\/#breadcrumb","itemListElement":[{"@type":"ListItem","position":1,"name":"Accueil","item":"https:\/\/www.transpher.net\/site\/"},{"@type":"ListItem","position":2,"name":"Le 29 avril concert \u00e0 la Tour des Villains (Haute Marne)"}]},{"@type":"WebSite","@id":"https:\/\/www.transpher.net\/site\/#website","url":"https:\/\/www.transpher.net\/site\/","name":"","description":"","publisher":{"@id":"https:\/\/www.transpher.net\/site\/#organization"},"potentialAction":[{"@type":"SearchAction","target":{"@type":"EntryPoint","urlTemplate":"https:\/\/www.transpher.net\/site\/?s={search_term_string}"},"query-input":{"@type":"PropertyValueSpecification","valueRequired":true,"valueName":"search_term_string"}}],"inLanguage":"fr-FR"},{"@type":"Organization","@id":"https:\/\/www.transpher.net\/site\/#organization","name":"TRANSPHER Rock Celtique","url":"https:\/\/www.transpher.net\/site\/","logo":{"@type":"ImageObject","inLanguage":"fr-FR","@id":"https:\/\/www.transpher.net\/site\/#\/schema\/logo\/image\/","url":"https:\/\/www.transpher.net\/site\/wp-content\/uploads\/2021\/04\/hd2-scaled.jpg","contentUrl":"https:\/\/www.transpher.net\/site\/wp-content\/uploads\/2021\/04\/hd2-scaled.jpg","width":2560,"height":1529,"caption":"TRANSPHER Rock Celtique"},"image":{"@id":"https:\/\/www.transpher.net\/site\/#\/schema\/logo\/image\/"},"sameAs":["https:\/\/www.facebook.com\/TRANSPHERrockceltique","https:\/\/www.instagram.com\/transphermusic\/"]},{"@type":"Person","@id":"https:\/\/www.transpher.net\/site\/#\/schema\/person\/b68f3b23c001ef36184905b049abfed9","name":"Jean-Marc Houdayer","image":{"@type":"ImageObject","inLanguage":"fr-FR","@id":"https:\/\/secure.gravatar.com\/avatar\/2284ee9b930a21f357ba4aef42d47d3a37d90a416ae010a3bff3d5e7f9fac006?s=96&d=mm&r=g","url":"https:\/\/secure.gravatar.com\/avatar\/2284ee9b930a21f357ba4aef42d47d3a37d90a416ae010a3bff3d5e7f9fac006?s=96&d=mm&r=g","contentUrl":"https:\/\/secure.gravatar.com\/avatar\/2284ee9b930a21f357ba4aef42d47d3a37d90a416ae010a3bff3d5e7f9fac006?s=96&d=mm&r=g","caption":"Jean-Marc Houdayer"},"url":"https:\/\/www.transpher.net\/site\/author\/jm\/"}]}},"_links":{"self":[{"href":"https:\/\/www.transpher.net\/site\/wp-json\/wp\/v2\/posts\/3580","targetHints":{"allow":["GET"]}}],"collection":[{"href":"https:\/\/www.transpher.net\/site\/wp-json\/wp\/v2\/posts"}],"about":[{"href":"https:\/\/www.transpher.net\/site\/wp-json\/wp\/v2\/types\/post"}],"author":[{"embeddable":true,"href":"https:\/\/www.transpher.net\/site\/wp-json\/wp\/v2\/users\/2"}],"replies":[{"embeddable":true,"href":"https:\/\/www.transpher.net\/site\/wp-json\/wp\/v2\/comments?post=3580"}],"version-history":[{"count":0,"href":"https:\/\/www.transpher.net\/site\/wp-json\/wp\/v2\/posts\/3580\/revisions"}],"wp:attachment":[{"href":"https:\/\/www.transpher.net\/site\/wp-json\/wp\/v2\/media?parent=3580"}],"wp:term":[{"taxonomy":"category","embeddable":true,"href":"https:\/\/www.transpher.net\/site\/wp-json\/wp\/v2\/categories?post=3580"},{"taxonomy":"post_tag","embeddable":true,"href":"https:\/\/www.transpher.net\/site\/wp-json\/wp\/v2\/tags?post=3580"}],"curies":[{"name":"wp","href":"https:\/\/api.w.org\/{rel}","templated":true}]}}