{"id":3911,"date":"2023-09-06T21:07:44","date_gmt":"2023-09-06T19:07:44","guid":{"rendered":"https:\/\/www.transpher.net\/site\/?p=3911"},"modified":"2023-12-15T11:06:34","modified_gmt":"2023-12-15T10:06:34","slug":"prochain-rv-important-salle-des-fetes-de-montargis-le-7cotobre-les-reservations-sont-ouvertes","status":"publish","type":"post","link":"https:\/\/www.transpher.net\/site\/prochain-rv-important-salle-des-fetes-de-montargis-le-7cotobre-les-reservations-sont-ouvertes\/","title":{"rendered":"&#8211;"},"content":{"rendered":"\n<p class=\"has-cool-to-warm-spectrum-gradient-background has-text-color has-background has-normal-font-size\" style=\"color:#fdf906\">R\u00c9SERVATIONS OUVERTES pour la salle des f\u00eates de MONTARGIS, le 7 OCTOBRE<\/p>\n\n\n\n<p>pour r\u00e9server c&rsquo;est ici: <a href=\"https:\/\/www.helloasso.com\/associations\/association-mille-et-une-fetes\/evenements\/transpher\">https:\/\/www.helloasso.com\/associations\/association-mille-et-une-fetes\/evenements\/transpher<\/a>  <\/p>\n\n\n\n<p>Pour ce concert il y aura des places debout devant la sc\u00e8ne, mais aussi des tables avec des places assises et de la bi\u00e8re pression dans la salle; bref de quoi passer une excellente soir\u00e9e ! Et l&rsquo;occasion de vous pr\u00e9senter en live quelques titres de notre prochain album \ud83d\ude09 Entr\u00e9e: 15 euros<\/p>\n\n\n\n<figure class=\"wp-block-gallery has-nested-images columns-default is-cropped wp-block-gallery-1 is-layout-flex wp-block-gallery-is-layout-flex\">\n<figure class=\"wp-block-image size-full\"><img loading=\"lazy\" decoding=\"async\" width=\"794\" height=\"1123\" data-id=\"3918\" src=\"https:\/\/www.transpher.net\/site\/wp-content\/uploads\/2023\/09\/Affiche-Transpher-Copie.jpg\" alt=\"\" class=\"wp-image-3918\" srcset=\"https:\/\/www.transpher.net\/site\/wp-content\/uploads\/2023\/09\/Affiche-Transpher-Copie.jpg 794w, https:\/\/www.transpher.net\/site\/wp-content\/uploads\/2023\/09\/Affiche-Transpher-Copie-600x849.jpg 600w, https:\/\/www.transpher.net\/site\/wp-content\/uploads\/2023\/09\/Affiche-Transpher-Copie-212x300.jpg 212w, https:\/\/www.transpher.net\/site\/wp-content\/uploads\/2023\/09\/Affiche-Transpher-Copie-724x1024.jpg 724w, https:\/\/www.transpher.net\/site\/wp-content\/uploads\/2023\/09\/Affiche-Transpher-Copie-768x1086.jpg 768w\" sizes=\"auto, (max-width: 794px) 100vw, 794px\" \/><\/figure>\n\n\n\n<figure class=\"wp-block-image size-full\"><img loading=\"lazy\" decoding=\"async\" width=\"588\" height=\"507\" data-id=\"3931\" src=\"https:\/\/www.transpher.net\/site\/wp-content\/uploads\/2023\/09\/salle-montargis-1.jpg\" alt=\"\" class=\"wp-image-3931\" srcset=\"https:\/\/www.transpher.net\/site\/wp-content\/uploads\/2023\/09\/salle-montargis-1.jpg 588w, https:\/\/www.transpher.net\/site\/wp-content\/uploads\/2023\/09\/salle-montargis-1-348x300.jpg 348w\" sizes=\"auto, (max-width: 588px) 100vw, 588px\" \/><\/figure>\n<\/figure>\n","protected":false},"excerpt":{"rendered":"<p>R\u00c9SERVATIONS OUVERTES pour la salle des f\u00eates de MONTARGIS, le 7 OCTOBRE pour r\u00e9server c&rsquo;est ici: https:\/\/www.helloasso.com\/associations\/association-mille-et-une-fetes\/evenements\/transpher Pour ce concert il y aura des places debout devant la sc\u00e8ne, mais<\/p>\n<p class=\"more-link\"><a href=\"https:\/\/www.transpher.net\/site\/prochain-rv-important-salle-des-fetes-de-montargis-le-7cotobre-les-reservations-sont-ouvertes\/\" class=\"readmore\">Continuer la lecture<span class=\"screen-reader-text\">&#8211;<\/span><\/a><\/p>\n","protected":false},"author":2,"featured_media":0,"comment_status":"closed","ping_status":"open","sticky":false,"template":"","format":"standard","meta":{"ngg_post_thumbnail":0,"footnotes":""},"categories":[6],"tags":[],"class_list":["post-3911","post","type-post","status-publish","format-standard","hentry","category-news-rock-celtique"],"yoast_head":"<!-- This site is optimized with the Yoast SEO plugin v27.4 - https:\/\/yoast.com\/product\/yoast-seo-wordpress\/ -->\n<title>-<\/title>\n<meta name=\"robots\" content=\"index, follow, max-snippet:-1, max-image-preview:large, max-video-preview:-1\" \/>\n<link rel=\"canonical\" href=\"https:\/\/www.transpher.net\/site\/prochain-rv-important-salle-des-fetes-de-montargis-le-7cotobre-les-reservations-sont-ouvertes\/\" \/>\n<meta property=\"og:locale\" content=\"fr_FR\" \/>\n<meta property=\"og:type\" content=\"article\" \/>\n<meta property=\"og:title\" content=\"-\" \/>\n<meta property=\"og:description\" content=\"R\u00c9SERVATIONS OUVERTES pour la salle des f\u00eates de MONTARGIS, le 7 OCTOBRE pour r\u00e9server c&rsquo;est ici: https:\/\/www.helloasso.com\/associations\/association-mille-et-une-fetes\/evenements\/transpher Pour ce concert il y aura des places debout devant la sc\u00e8ne, maisContinuer la lecture&#8211;\" \/>\n<meta property=\"og:url\" content=\"https:\/\/www.transpher.net\/site\/prochain-rv-important-salle-des-fetes-de-montargis-le-7cotobre-les-reservations-sont-ouvertes\/\" \/>\n<meta property=\"article:publisher\" content=\"https:\/\/www.facebook.com\/TRANSPHERrockceltique\" \/>\n<meta property=\"article:published_time\" content=\"2023-09-06T19:07:44+00:00\" \/>\n<meta property=\"article:modified_time\" content=\"2023-12-15T10:06:34+00:00\" \/>\n<meta property=\"og:image\" content=\"https:\/\/www.transpher.net\/site\/wp-content\/uploads\/2023\/09\/Affiche-Transpher-Copie.jpg\" \/>\n<meta name=\"author\" content=\"Jean-Marc Houdayer\" \/>\n<meta name=\"twitter:card\" content=\"summary_large_image\" \/>\n<meta name=\"twitter:label1\" content=\"\u00c9crit par\" \/>\n\t<meta name=\"twitter:data1\" content=\"Jean-Marc Houdayer\" \/>\n\t<meta name=\"twitter:label2\" content=\"Dur\u00e9e de lecture estim\u00e9e\" \/>\n\t<meta name=\"twitter:data2\" content=\"1 minute\" \/>\n<script type=\"application\/ld+json\" class=\"yoast-schema-graph\">{\"@context\":\"https:\\\/\\\/schema.org\",\"@graph\":[{\"@type\":\"Article\",\"@id\":\"https:\\\/\\\/www.transpher.net\\\/site\\\/prochain-rv-important-salle-des-fetes-de-montargis-le-7cotobre-les-reservations-sont-ouvertes\\\/#article\",\"isPartOf\":{\"@id\":\"https:\\\/\\\/www.transpher.net\\\/site\\\/prochain-rv-important-salle-des-fetes-de-montargis-le-7cotobre-les-reservations-sont-ouvertes\\\/\"},\"author\":{\"name\":\"Jean-Marc Houdayer\",\"@id\":\"https:\\\/\\\/www.transpher.net\\\/site\\\/#\\\/schema\\\/person\\\/b68f3b23c001ef36184905b049abfed9\"},\"headline\":\"&#8211;\",\"datePublished\":\"2023-09-06T19:07:44+00:00\",\"dateModified\":\"2023-12-15T10:06:34+00:00\",\"mainEntityOfPage\":{\"@id\":\"https:\\\/\\\/www.transpher.net\\\/site\\\/prochain-rv-important-salle-des-fetes-de-montargis-le-7cotobre-les-reservations-sont-ouvertes\\\/\"},\"wordCount\":81,\"publisher\":{\"@id\":\"https:\\\/\\\/www.transpher.net\\\/site\\\/#organization\"},\"image\":{\"@id\":\"https:\\\/\\\/www.transpher.net\\\/site\\\/prochain-rv-important-salle-des-fetes-de-montargis-le-7cotobre-les-reservations-sont-ouvertes\\\/#primaryimage\"},\"thumbnailUrl\":\"https:\\\/\\\/www.transpher.net\\\/site\\\/wp-content\\\/uploads\\\/2023\\\/09\\\/Affiche-Transpher-Copie.jpg\",\"articleSection\":[\"news\"],\"inLanguage\":\"fr-FR\"},{\"@type\":\"WebPage\",\"@id\":\"https:\\\/\\\/www.transpher.net\\\/site\\\/prochain-rv-important-salle-des-fetes-de-montargis-le-7cotobre-les-reservations-sont-ouvertes\\\/\",\"url\":\"https:\\\/\\\/www.transpher.net\\\/site\\\/prochain-rv-important-salle-des-fetes-de-montargis-le-7cotobre-les-reservations-sont-ouvertes\\\/\",\"name\":\"-\",\"isPartOf\":{\"@id\":\"https:\\\/\\\/www.transpher.net\\\/site\\\/#website\"},\"primaryImageOfPage\":{\"@id\":\"https:\\\/\\\/www.transpher.net\\\/site\\\/prochain-rv-important-salle-des-fetes-de-montargis-le-7cotobre-les-reservations-sont-ouvertes\\\/#primaryimage\"},\"image\":{\"@id\":\"https:\\\/\\\/www.transpher.net\\\/site\\\/prochain-rv-important-salle-des-fetes-de-montargis-le-7cotobre-les-reservations-sont-ouvertes\\\/#primaryimage\"},\"thumbnailUrl\":\"https:\\\/\\\/www.transpher.net\\\/site\\\/wp-content\\\/uploads\\\/2023\\\/09\\\/Affiche-Transpher-Copie.jpg\",\"datePublished\":\"2023-09-06T19:07:44+00:00\",\"dateModified\":\"2023-12-15T10:06:34+00:00\",\"breadcrumb\":{\"@id\":\"https:\\\/\\\/www.transpher.net\\\/site\\\/prochain-rv-important-salle-des-fetes-de-montargis-le-7cotobre-les-reservations-sont-ouvertes\\\/#breadcrumb\"},\"inLanguage\":\"fr-FR\",\"potentialAction\":[{\"@type\":\"ReadAction\",\"target\":[\"https:\\\/\\\/www.transpher.net\\\/site\\\/prochain-rv-important-salle-des-fetes-de-montargis-le-7cotobre-les-reservations-sont-ouvertes\\\/\"]}]},{\"@type\":\"ImageObject\",\"inLanguage\":\"fr-FR\",\"@id\":\"https:\\\/\\\/www.transpher.net\\\/site\\\/prochain-rv-important-salle-des-fetes-de-montargis-le-7cotobre-les-reservations-sont-ouvertes\\\/#primaryimage\",\"url\":\"https:\\\/\\\/www.transpher.net\\\/site\\\/wp-content\\\/uploads\\\/2023\\\/09\\\/Affiche-Transpher-Copie.jpg\",\"contentUrl\":\"https:\\\/\\\/www.transpher.net\\\/site\\\/wp-content\\\/uploads\\\/2023\\\/09\\\/Affiche-Transpher-Copie.jpg\",\"width\":794,\"height\":1123},{\"@type\":\"BreadcrumbList\",\"@id\":\"https:\\\/\\\/www.transpher.net\\\/site\\\/prochain-rv-important-salle-des-fetes-de-montargis-le-7cotobre-les-reservations-sont-ouvertes\\\/#breadcrumb\",\"itemListElement\":[{\"@type\":\"ListItem\",\"position\":1,\"name\":\"Accueil\",\"item\":\"https:\\\/\\\/www.transpher.net\\\/site\\\/\"},{\"@type\":\"ListItem\",\"position\":2,\"name\":\"&#8211;\"}]},{\"@type\":\"WebSite\",\"@id\":\"https:\\\/\\\/www.transpher.net\\\/site\\\/#website\",\"url\":\"https:\\\/\\\/www.transpher.net\\\/site\\\/\",\"name\":\"\",\"description\":\"\",\"publisher\":{\"@id\":\"https:\\\/\\\/www.transpher.net\\\/site\\\/#organization\"},\"potentialAction\":[{\"@type\":\"SearchAction\",\"target\":{\"@type\":\"EntryPoint\",\"urlTemplate\":\"https:\\\/\\\/www.transpher.net\\\/site\\\/?s={search_term_string}\"},\"query-input\":{\"@type\":\"PropertyValueSpecification\",\"valueRequired\":true,\"valueName\":\"search_term_string\"}}],\"inLanguage\":\"fr-FR\"},{\"@type\":\"Organization\",\"@id\":\"https:\\\/\\\/www.transpher.net\\\/site\\\/#organization\",\"name\":\"TRANSPHER Rock Celtique\",\"url\":\"https:\\\/\\\/www.transpher.net\\\/site\\\/\",\"logo\":{\"@type\":\"ImageObject\",\"inLanguage\":\"fr-FR\",\"@id\":\"https:\\\/\\\/www.transpher.net\\\/site\\\/#\\\/schema\\\/logo\\\/image\\\/\",\"url\":\"https:\\\/\\\/www.transpher.net\\\/site\\\/wp-content\\\/uploads\\\/2021\\\/04\\\/hd2-scaled.jpg\",\"contentUrl\":\"https:\\\/\\\/www.transpher.net\\\/site\\\/wp-content\\\/uploads\\\/2021\\\/04\\\/hd2-scaled.jpg\",\"width\":2560,\"height\":1529,\"caption\":\"TRANSPHER Rock Celtique\"},\"image\":{\"@id\":\"https:\\\/\\\/www.transpher.net\\\/site\\\/#\\\/schema\\\/logo\\\/image\\\/\"},\"sameAs\":[\"https:\\\/\\\/www.facebook.com\\\/TRANSPHERrockceltique\",\"https:\\\/\\\/www.instagram.com\\\/transphermusic\\\/\"]},{\"@type\":\"Person\",\"@id\":\"https:\\\/\\\/www.transpher.net\\\/site\\\/#\\\/schema\\\/person\\\/b68f3b23c001ef36184905b049abfed9\",\"name\":\"Jean-Marc Houdayer\",\"image\":{\"@type\":\"ImageObject\",\"inLanguage\":\"fr-FR\",\"@id\":\"https:\\\/\\\/secure.gravatar.com\\\/avatar\\\/2284ee9b930a21f357ba4aef42d47d3a37d90a416ae010a3bff3d5e7f9fac006?s=96&d=mm&r=g\",\"url\":\"https:\\\/\\\/secure.gravatar.com\\\/avatar\\\/2284ee9b930a21f357ba4aef42d47d3a37d90a416ae010a3bff3d5e7f9fac006?s=96&d=mm&r=g\",\"contentUrl\":\"https:\\\/\\\/secure.gravatar.com\\\/avatar\\\/2284ee9b930a21f357ba4aef42d47d3a37d90a416ae010a3bff3d5e7f9fac006?s=96&d=mm&r=g\",\"caption\":\"Jean-Marc Houdayer\"},\"url\":\"https:\\\/\\\/www.transpher.net\\\/site\\\/author\\\/jm\\\/\"}]}<\/script>\n<!-- \/ Yoast SEO plugin. -->","yoast_head_json":{"title":"-","robots":{"index":"index","follow":"follow","max-snippet":"max-snippet:-1","max-image-preview":"max-image-preview:large","max-video-preview":"max-video-preview:-1"},"canonical":"https:\/\/www.transpher.net\/site\/prochain-rv-important-salle-des-fetes-de-montargis-le-7cotobre-les-reservations-sont-ouvertes\/","og_locale":"fr_FR","og_type":"article","og_title":"-","og_description":"R\u00c9SERVATIONS OUVERTES pour la salle des f\u00eates de MONTARGIS, le 7 OCTOBRE pour r\u00e9server c&rsquo;est ici: https:\/\/www.helloasso.com\/associations\/association-mille-et-une-fetes\/evenements\/transpher Pour ce concert il y aura des places debout devant la sc\u00e8ne, maisContinuer la lecture&#8211;","og_url":"https:\/\/www.transpher.net\/site\/prochain-rv-important-salle-des-fetes-de-montargis-le-7cotobre-les-reservations-sont-ouvertes\/","article_publisher":"https:\/\/www.facebook.com\/TRANSPHERrockceltique","article_published_time":"2023-09-06T19:07:44+00:00","article_modified_time":"2023-12-15T10:06:34+00:00","og_image":[{"url":"https:\/\/www.transpher.net\/site\/wp-content\/uploads\/2023\/09\/Affiche-Transpher-Copie.jpg","type":"","width":"","height":""}],"author":"Jean-Marc Houdayer","twitter_card":"summary_large_image","twitter_misc":{"\u00c9crit par":"Jean-Marc Houdayer","Dur\u00e9e de lecture estim\u00e9e":"1 minute"},"schema":{"@context":"https:\/\/schema.org","@graph":[{"@type":"Article","@id":"https:\/\/www.transpher.net\/site\/prochain-rv-important-salle-des-fetes-de-montargis-le-7cotobre-les-reservations-sont-ouvertes\/#article","isPartOf":{"@id":"https:\/\/www.transpher.net\/site\/prochain-rv-important-salle-des-fetes-de-montargis-le-7cotobre-les-reservations-sont-ouvertes\/"},"author":{"name":"Jean-Marc Houdayer","@id":"https:\/\/www.transpher.net\/site\/#\/schema\/person\/b68f3b23c001ef36184905b049abfed9"},"headline":"&#8211;","datePublished":"2023-09-06T19:07:44+00:00","dateModified":"2023-12-15T10:06:34+00:00","mainEntityOfPage":{"@id":"https:\/\/www.transpher.net\/site\/prochain-rv-important-salle-des-fetes-de-montargis-le-7cotobre-les-reservations-sont-ouvertes\/"},"wordCount":81,"publisher":{"@id":"https:\/\/www.transpher.net\/site\/#organization"},"image":{"@id":"https:\/\/www.transpher.net\/site\/prochain-rv-important-salle-des-fetes-de-montargis-le-7cotobre-les-reservations-sont-ouvertes\/#primaryimage"},"thumbnailUrl":"https:\/\/www.transpher.net\/site\/wp-content\/uploads\/2023\/09\/Affiche-Transpher-Copie.jpg","articleSection":["news"],"inLanguage":"fr-FR"},{"@type":"WebPage","@id":"https:\/\/www.transpher.net\/site\/prochain-rv-important-salle-des-fetes-de-montargis-le-7cotobre-les-reservations-sont-ouvertes\/","url":"https:\/\/www.transpher.net\/site\/prochain-rv-important-salle-des-fetes-de-montargis-le-7cotobre-les-reservations-sont-ouvertes\/","name":"-","isPartOf":{"@id":"https:\/\/www.transpher.net\/site\/#website"},"primaryImageOfPage":{"@id":"https:\/\/www.transpher.net\/site\/prochain-rv-important-salle-des-fetes-de-montargis-le-7cotobre-les-reservations-sont-ouvertes\/#primaryimage"},"image":{"@id":"https:\/\/www.transpher.net\/site\/prochain-rv-important-salle-des-fetes-de-montargis-le-7cotobre-les-reservations-sont-ouvertes\/#primaryimage"},"thumbnailUrl":"https:\/\/www.transpher.net\/site\/wp-content\/uploads\/2023\/09\/Affiche-Transpher-Copie.jpg","datePublished":"2023-09-06T19:07:44+00:00","dateModified":"2023-12-15T10:06:34+00:00","breadcrumb":{"@id":"https:\/\/www.transpher.net\/site\/prochain-rv-important-salle-des-fetes-de-montargis-le-7cotobre-les-reservations-sont-ouvertes\/#breadcrumb"},"inLanguage":"fr-FR","potentialAction":[{"@type":"ReadAction","target":["https:\/\/www.transpher.net\/site\/prochain-rv-important-salle-des-fetes-de-montargis-le-7cotobre-les-reservations-sont-ouvertes\/"]}]},{"@type":"ImageObject","inLanguage":"fr-FR","@id":"https:\/\/www.transpher.net\/site\/prochain-rv-important-salle-des-fetes-de-montargis-le-7cotobre-les-reservations-sont-ouvertes\/#primaryimage","url":"https:\/\/www.transpher.net\/site\/wp-content\/uploads\/2023\/09\/Affiche-Transpher-Copie.jpg","contentUrl":"https:\/\/www.transpher.net\/site\/wp-content\/uploads\/2023\/09\/Affiche-Transpher-Copie.jpg","width":794,"height":1123},{"@type":"BreadcrumbList","@id":"https:\/\/www.transpher.net\/site\/prochain-rv-important-salle-des-fetes-de-montargis-le-7cotobre-les-reservations-sont-ouvertes\/#breadcrumb","itemListElement":[{"@type":"ListItem","position":1,"name":"Accueil","item":"https:\/\/www.transpher.net\/site\/"},{"@type":"ListItem","position":2,"name":"&#8211;"}]},{"@type":"WebSite","@id":"https:\/\/www.transpher.net\/site\/#website","url":"https:\/\/www.transpher.net\/site\/","name":"","description":"","publisher":{"@id":"https:\/\/www.transpher.net\/site\/#organization"},"potentialAction":[{"@type":"SearchAction","target":{"@type":"EntryPoint","urlTemplate":"https:\/\/www.transpher.net\/site\/?s={search_term_string}"},"query-input":{"@type":"PropertyValueSpecification","valueRequired":true,"valueName":"search_term_string"}}],"inLanguage":"fr-FR"},{"@type":"Organization","@id":"https:\/\/www.transpher.net\/site\/#organization","name":"TRANSPHER Rock Celtique","url":"https:\/\/www.transpher.net\/site\/","logo":{"@type":"ImageObject","inLanguage":"fr-FR","@id":"https:\/\/www.transpher.net\/site\/#\/schema\/logo\/image\/","url":"https:\/\/www.transpher.net\/site\/wp-content\/uploads\/2021\/04\/hd2-scaled.jpg","contentUrl":"https:\/\/www.transpher.net\/site\/wp-content\/uploads\/2021\/04\/hd2-scaled.jpg","width":2560,"height":1529,"caption":"TRANSPHER Rock Celtique"},"image":{"@id":"https:\/\/www.transpher.net\/site\/#\/schema\/logo\/image\/"},"sameAs":["https:\/\/www.facebook.com\/TRANSPHERrockceltique","https:\/\/www.instagram.com\/transphermusic\/"]},{"@type":"Person","@id":"https:\/\/www.transpher.net\/site\/#\/schema\/person\/b68f3b23c001ef36184905b049abfed9","name":"Jean-Marc Houdayer","image":{"@type":"ImageObject","inLanguage":"fr-FR","@id":"https:\/\/secure.gravatar.com\/avatar\/2284ee9b930a21f357ba4aef42d47d3a37d90a416ae010a3bff3d5e7f9fac006?s=96&d=mm&r=g","url":"https:\/\/secure.gravatar.com\/avatar\/2284ee9b930a21f357ba4aef42d47d3a37d90a416ae010a3bff3d5e7f9fac006?s=96&d=mm&r=g","contentUrl":"https:\/\/secure.gravatar.com\/avatar\/2284ee9b930a21f357ba4aef42d47d3a37d90a416ae010a3bff3d5e7f9fac006?s=96&d=mm&r=g","caption":"Jean-Marc Houdayer"},"url":"https:\/\/www.transpher.net\/site\/author\/jm\/"}]}},"_links":{"self":[{"href":"https:\/\/www.transpher.net\/site\/wp-json\/wp\/v2\/posts\/3911","targetHints":{"allow":["GET"]}}],"collection":[{"href":"https:\/\/www.transpher.net\/site\/wp-json\/wp\/v2\/posts"}],"about":[{"href":"https:\/\/www.transpher.net\/site\/wp-json\/wp\/v2\/types\/post"}],"author":[{"embeddable":true,"href":"https:\/\/www.transpher.net\/site\/wp-json\/wp\/v2\/users\/2"}],"replies":[{"embeddable":true,"href":"https:\/\/www.transpher.net\/site\/wp-json\/wp\/v2\/comments?post=3911"}],"version-history":[{"count":0,"href":"https:\/\/www.transpher.net\/site\/wp-json\/wp\/v2\/posts\/3911\/revisions"}],"wp:attachment":[{"href":"https:\/\/www.transpher.net\/site\/wp-json\/wp\/v2\/media?parent=3911"}],"wp:term":[{"taxonomy":"category","embeddable":true,"href":"https:\/\/www.transpher.net\/site\/wp-json\/wp\/v2\/categories?post=3911"},{"taxonomy":"post_tag","embeddable":true,"href":"https:\/\/www.transpher.net\/site\/wp-json\/wp\/v2\/tags?post=3911"}],"curies":[{"name":"wp","href":"https:\/\/api.w.org\/{rel}","templated":true}]}}